{"id":7288,"date":"2018-05-06T22:39:34","date_gmt":"2018-05-06T20:39:34","guid":{"rendered":"https:\/\/www.maderasmenur.com\/?p=7288"},"modified":"2019-12-12T09:28:07","modified_gmt":"2019-12-12T08:28:07","slug":"la-torre-de-madera-mas-alta-del-mundo-hecha-en-madera-se-construye-en-noruega","status":"publish","type":"post","link":"https:\/\/www.maderasmenur.com\/it\/la-torre-de-madera-mas-alta-del-mundo-hecha-en-madera-se-construye-en-noruega\/","title":{"rendered":"La torre de madera m\u00e1s alta se construye en Noruega"},"content":{"rendered":"\n<style type=\"text\/css\" data-created_by=\"avia_inline_auto\" id=\"style-css-av-k42gmtkx-9b07f7cc3ca75c980568641a53bf07e4\">\n#top .av-special-heading.av-k42gmtkx-9b07f7cc3ca75c980568641a53bf07e4{\npadding-bottom:30px;\n}\nbody .av-special-heading.av-k42gmtkx-9b07f7cc3ca75c980568641a53bf07e4 .av-special-heading-tag .heading-char{\nfont-size:25px;\n}\n.av-special-heading.av-k42gmtkx-9b07f7cc3ca75c980568641a53bf07e4 .av-subheading{\nfont-size:15px;\n}\n<\/style>\n<div  class='av-special-heading av-k42gmtkx-9b07f7cc3ca75c980568641a53bf07e4 av-special-heading-h1 blockquote modern-quote modern-centered  avia-builder-el-0  el_before_av_textblock  avia-builder-el-first '><h1 class='av-special-heading-tag '  itemprop=\"headline\"  >La torre de madera m\u00e1s alta se construye en Noruega<\/h1><div class=\"special-heading-border\"><div class=\"special-heading-inner-border\"><\/div><\/div><\/div>\n<section  class='av_textblock_section av-2txco8-dd2db32eca05ef0179d878d4f4147a2d '   itemscope=\"itemscope\" itemtype=\"https:\/\/schema.org\/BlogPosting\" itemprop=\"blogPost\" ><div class='avia_textblock'  itemprop=\"text\" ><p><a href=\"https:\/\/www.maderasmenur.com\/wp-content\/uploads\/b59bfffc2affb47d_800x800ar.jpg\"><img loading=\"lazy\" decoding=\"async\" class=\"alignnone  wp-image-7291\" src=\"https:\/\/www.maderasmenur.com\/wp-content\/uploads\/b59bfffc2affb47d_800x800ar-300x244.jpg\" alt=\"\" width=\"940\" height=\"763\" srcset=\"https:\/\/www.maderasmenur.com\/wp-content\/uploads\/b59bfffc2affb47d_800x800ar-300x244.jpg 300w, https:\/\/www.maderasmenur.com\/wp-content\/uploads\/b59bfffc2affb47d_800x800ar-768x624.jpg 768w, https:\/\/www.maderasmenur.com\/wp-content\/uploads\/b59bfffc2affb47d_800x800ar-705x573.jpg 705w, https:\/\/www.maderasmenur.com\/wp-content\/uploads\/b59bfffc2affb47d_800x800ar-450x366.jpg 450w, https:\/\/www.maderasmenur.com\/wp-content\/uploads\/b59bfffc2affb47d_800x800ar-20x16.jpg 20w, https:\/\/www.maderasmenur.com\/wp-content\/uploads\/b59bfffc2affb47d_800x800ar.jpg 800w\" sizes=\"auto, (max-width: 940px) 100vw, 940px\" \/><\/a><\/p>\n<p class=\"thumbs afd-desktop-e clearfix\" style=\"text-align: justify;\">Estamos contemplando como en los \u00faltimos meses vamos encontr\u00e1ndonos estructuras de madera que cada vez son mas grandes y altas, a lo largo de todo el mundo. El \u00faltimo proyecto para alcanzar una altura de 81 metros es la construcci\u00f3n de Mj\u00f8st\u00e5rnet en Brumundal, Noruega, que di\u00f3 comienzos en septiembre 2017 y finalizar\u00e1 en marzo de 2019.\u00a0Dise\u00f1ado por Voll Arkitekter, el edificio de 18 pisos incluir\u00e1 m\u00e1s de 11.300 metros cuadrados de espacio que contiene departamentos, un hotel, un restaurante, oficinas y \u00e1reas comunes con una sala de nataci\u00f3n de 4.700 metros cuadrados. Mj\u00f8st\u00e5rnet tiene un ancho de base de 16 metros, pero Abrahamsen cree que es posible construir m\u00e1s alto si esto se incrementa: Es principalmente el ancho lo que determina qu\u00e9 tan alto podemos construir un edificio de madera, pues esto significa que la estructura se balancea menos. Un edificio m\u00e1s amplio no generar\u00eda problemas para construir a m\u00e1s de 100 metros, e incluso 150 metros o m\u00e1s.<\/p>\n<div class=\"container-video\"><iframe loading=\"lazy\" class=\"container-video__aspect-ratio\" src=\"https:\/\/www.youtube.com\/embed\/XzWLaTMhQIU?theme=light&#038;showinfo=0&#038;color=white\" width=\"300\" height=\"150\" frameborder=\"0\" allowfullscreen=\"allowfullscreen\" data-mce-fragment=\"1\"><br \/>\n<\/iframe><\/div>\n<p style=\"text-align: justify;\">La capacidad de crear rascacielos sin madera es un punto de referencia para la construcci\u00f3n sostenible. Como iniciador del proyecto, Arthur Buchardt explica en el primer video de la serie Nordic Heights,\u00a0que el abastecimiento del abeto a nivel local ha reducido dr\u00e1sticamente la huella de carbono del edificio, as\u00ed como la simple producci\u00f3n de columnas y vigas laminadas que requieren poca energ\u00eda para formar la principal estructura del edificio.<\/p>\n<div class=\"container-video\"><iframe loading=\"lazy\" class=\"container-video__aspect-ratio\" src=\"https:\/\/www.youtube.com\/embed\/UMeopRhnahw?theme=light&#038;showinfo=0&#038;color=white\" width=\"300\" height=\"150\" frameborder=\"0\" allowfullscreen=\"allowfullscreen\" data-mce-fragment=\"1\"><br \/>\n<\/iframe><\/div>\n<p style=\"text-align: justify;\">La madera a menudo ha sido cuestionada debido a conceptos err\u00f3neos pero comunes sobre su capacidad para resistir el fuego. Sin embargo, es posible localizar los haces de\u00a0la madera laminada\u00a0para que no se afecten mutuamente.\u00a0 El problema principal en la construcci\u00f3n es la propiedad ligera del marco de madera que puede oscilar hasta 140 mil\u00edmetros en la parte superior cuando se enfrenta a los fuertes vientos de la regi\u00f3n. Para eliminar este problema, las losas de piso de concreto se usar\u00e1n en los siete pisos superiores para aumentar el peso hacia la parte superior y ralentizar el balanceo. El edificio tambi\u00e9n estar\u00e1 anclado en el suelo con pilas de hasta 50 metros de profundidad.<\/p>\n<p style=\"text-align: justify;\"><a class=\"js-image-size__link lazy-anchor\" href=\"https:\/\/www.plataformaarquitectura.cl\/cl\/892399\/la-torre-de-madera-mas-alta-del-mundo-se-construye-en-noruega\/5a7dcad6f197cc89b100002a-mjostarnet-in-norway-is-to-become-the-worlds-tallest-timber-tower-after-new-rules-are-set-for-timber-high-rises-image\"><img loading=\"lazy\" decoding=\"async\" class=\"b-lazy b-loaded\" src=\"https:\/\/images.adsttc.com\/media\/images\/5a7d\/cad6\/f197\/cc89\/b100\/002a\/newsletter\/bc1108579ac82427_800x800ar.jpg?1518193364\" alt=\"Cortes\u00eda de Moelven Limtre\" width=\"858\" height=\"438\" longdesc=\"https:\/\/www.plataformaarquitectura.cl\/cl\/892399\/la-torre-de-madera-mas-alta-del-mundo-se-construye-en-noruega\/5a7dcad6f197cc89b100002a-mjostarnet-in-norway-is-to-become-the-worlds-tallest-timber-tower-after-new-rules-are-set-for-timber-high-rises-image\" \/> <\/a><\/p>\n<p style=\"text-align: justify;\">Pero a medida que asciende\u00a0la competencia por la estructura de madera m\u00e1s alta, las nuevas reglas sugeridas para el Consejo de Edificios Altos y H\u00e1bitat Urbano parecen ser adoptadas pronto, indicando que los edificios de madera con n\u00facleos de concreto se definen como h\u00edbridos de madera-hormig\u00f3n. Si se ponen en pr\u00e1ctica estas nuevas reglas, descartar\u00e1n HoHo Tower en Viena y Brock Commons en Vancouver como rascacielos de madera, dejando abierta la oportunidad para que Mj\u00f8st\u00e5rnet establezca el r\u00e9cord mundial, hasta que llegue el siguiente competidor.<\/p>\n<p><a class=\"js-image-size__link lazy-anchor\" href=\"https:\/\/www.plataformaarquitectura.cl\/cl\/892399\/la-torre-de-madera-mas-alta-del-mundo-se-construye-en-noruega\/5a7dcabbf197cc89b1000028-mjostarnet-in-norway-is-to-become-the-worlds-tallest-timber-tower-after-new-rules-are-set-for-timber-high-rises-image\"><img loading=\"lazy\" decoding=\"async\" class=\"b-lazy b-loaded\" src=\"https:\/\/images.adsttc.com\/media\/images\/5a7d\/cabb\/f197\/cc89\/b100\/0028\/newsletter\/a0c8d4fcb85ce9b3_800x800ar.jpg?1518193336\" alt=\"Cortes\u00eda de Moelven Limtre\" width=\"872\" height=\"581\" longdesc=\"https:\/\/www.plataformaarquitectura.cl\/cl\/892399\/la-torre-de-madera-mas-alta-del-mundo-se-construye-en-noruega\/5a7dcabbf197cc89b1000028-mjostarnet-in-norway-is-to-become-the-worlds-tallest-timber-tower-after-new-rules-are-set-for-timber-high-rises-image\" \/> <\/a><\/p>\n<h5 style=\"text-align: justify;\"><em>Noticia v\u00eda\u00a0Moelven; <\/em>Ubicaci\u00f3n: Brumunddal, Norway; Arquitectos: Voll Arkitekter; Contratista: Hent; Dise\u00f1o estructural: Sweco; Cliente: AB Invest; \u00c1rea:11.300 m\u00b2; A\u00f1o Proyecto: 2018; Proveedores:Rothoblaas<\/h5>\n<\/div><\/section>\n","protected":false},"excerpt":{"rendered":"","protected":false},"author":1001087,"featured_media":0,"comment_status":"closed","ping_status":"closed","sticky":false,"template":"","format":"standard","meta":{"footnotes":""},"categories":[99],"tags":[],"class_list":["post-7288","post","type-post","status-publish","format-standard","hentry","category-construcciones-en-madera"],"_links":{"self":[{"href":"https:\/\/www.maderasmenur.com\/it\/wp-json\/wp\/v2\/posts\/7288","targetHints":{"allow":["GET"]}}],"collection":[{"href":"https:\/\/www.maderasmenur.com\/it\/wp-json\/wp\/v2\/posts"}],"about":[{"href":"https:\/\/www.maderasmenur.com\/it\/wp-json\/wp\/v2\/types\/post"}],"author":[{"embeddable":true,"href":"https:\/\/www.maderasmenur.com\/it\/wp-json\/wp\/v2\/users\/1001087"}],"replies":[{"embeddable":true,"href":"https:\/\/www.maderasmenur.com\/it\/wp-json\/wp\/v2\/comments?post=7288"}],"version-history":[{"count":0,"href":"https:\/\/www.maderasmenur.com\/it\/wp-json\/wp\/v2\/posts\/7288\/revisions"}],"wp:attachment":[{"href":"https:\/\/www.maderasmenur.com\/it\/wp-json\/wp\/v2\/media?parent=7288"}],"wp:term":[{"taxonomy":"category","embeddable":true,"href":"https:\/\/www.maderasmenur.com\/it\/wp-json\/wp\/v2\/categories?post=7288"},{"taxonomy":"post_tag","embeddable":true,"href":"https:\/\/www.maderasmenur.com\/it\/wp-json\/wp\/v2\/tags?post=7288"}],"curies":[{"name":"wp","href":"https:\/\/api.w.org\/{rel}","templated":true}]}}