{"id":7303,"date":"2018-05-10T23:06:35","date_gmt":"2018-05-10T21:06:35","guid":{"rendered":"https:\/\/www.maderasmenur.com\/?p=7303"},"modified":"2019-12-11T11:33:37","modified_gmt":"2019-12-11T10:33:37","slug":"materiales-que-quieren-cambiar-la-arquitectura-la-madera-transparente-y-la-super-madera","status":"publish","type":"post","link":"https:\/\/www.maderasmenur.com\/it\/materiales-que-quieren-cambiar-la-arquitectura-la-madera-transparente-y-la-super-madera\/","title":{"rendered":"La madera transparente y la s\u00faper madera"},"content":{"rendered":"<h3 style=\"text-align: justify;\"><span id=\"1-_Madera_transparente_y_la_super_madera\"><strong>La madera transparente y la s\u00faper madera<\/strong><\/span><\/h3>\n<p style=\"text-align: justify;\">Ahora tenemos una nueva forma de entender y utilizar el material m\u00e1s noble de la tierra, la madera. Gracias a la tecnolog\u00eda ha pasado a un nivel superior, la <em>madera transl\u00facida<\/em> que se puede utilizar para desarrollar ventanas y paneles solares. Se crea primero quitando el revestimiento de la chapa de madera y luego se trabaja a nano-escala. El efecto resultante crea un nuevo material totalmente transparente que tiene varias aplicaciones en la industria de la construcci\u00f3n y las obras.<\/p>\n<p style=\"text-align: justify;\"><img loading=\"lazy\" decoding=\"async\" class=\"aligncenter wp-image-20231 size-full lazyloaded\" src=\"https:\/\/ovacen.com\/wp-content\/uploads\/2018\/05\/madera-transparente.jpg\" sizes=\"auto, (max-width: 665px) 100vw, 665px\" srcset=\"https:\/\/ovacen.com\/wp-content\/uploads\/2018\/05\/madera-transparente.jpg 665w, https:\/\/ovacen.com\/wp-content\/uploads\/2018\/05\/madera-transparente-649x478.jpg 649w, https:\/\/ovacen.com\/wp-content\/uploads\/2018\/05\/madera-transparente-80x60.jpg 80w, https:\/\/ovacen.com\/wp-content\/uploads\/2018\/05\/madera-transparente-570x420.jpg 570w\" alt=\"la madera transparente\" width=\"665\" height=\"490\" data-lazy-src=\"https:\/\/ovacen.com\/wp-content\/uploads\/2018\/05\/madera-transparente.jpg\" data-lazy-srcset=\"https:\/\/ovacen.com\/wp-content\/uploads\/2018\/05\/madera-transparente.jpg 665w, https:\/\/ovacen.com\/wp-content\/uploads\/2018\/05\/madera-transparente-649x478.jpg 649w, https:\/\/ovacen.com\/wp-content\/uploads\/2018\/05\/madera-transparente-80x60.jpg 80w, https:\/\/ovacen.com\/wp-content\/uploads\/2018\/05\/madera-transparente-570x420.jpg 570w\" data-was-processed=\"true\" \/><\/p>\n<p style=\"text-align: justify;\">Al ser un recurso muy barato, puede beneficiar los proyectos al reducir el costo. La innovaci\u00f3n tuvo lugar en el KTH Royal Institute of Technology de Estocolmo. Si quieres aprender m\u00e1s propiedades de la madera en la construcci\u00f3n consulta nuestro art\u00edculo.<\/p>\n<p style=\"text-align: justify;\">Pero esto a\u00fan no ha terminado!\u2026\u00a0Investigadores de la Universidad de Maryland han creado una <strong>\u201cs\u00faper madera\u201d que es m\u00e1s fuerte que el acero pero seis veces m\u00e1s ligera<\/strong>.<\/p>\n<p style=\"text-align: justify;\">Primero, hierven la madera en una mezcla de sulfito de sodio e hidr\u00f3xido de sodio para eliminar parcialmente la fibra de lignina y la hemicelulosa, y luego la presionan en caliente para aplastar las paredes celulares, creando nano fibras duraderas.<\/p>\n<p style=\"text-align: justify;\"><img loading=\"lazy\" decoding=\"async\" class=\"aligncenter wp-image-20244 size-full lazyloaded\" src=\"https:\/\/ovacen.com\/wp-content\/uploads\/2018\/05\/madera-muy-resistente.jpg\" sizes=\"auto, (max-width: 624px) 100vw, 624px\" srcset=\"https:\/\/ovacen.com\/wp-content\/uploads\/2018\/05\/madera-muy-resistente.jpg 624w, https:\/\/ovacen.com\/wp-content\/uploads\/2018\/05\/madera-muy-resistente-475x420.jpg 475w\" alt=\"madera muy resistente\" width=\"624\" height=\"552\" data-lazy-src=\"https:\/\/ovacen.com\/wp-content\/uploads\/2018\/05\/madera-muy-resistente.jpg\" data-lazy-srcset=\"https:\/\/ovacen.com\/wp-content\/uploads\/2018\/05\/madera-muy-resistente.jpg 624w, https:\/\/ovacen.com\/wp-content\/uploads\/2018\/05\/madera-muy-resistente-475x420.jpg 475w\" data-was-processed=\"true\" \/><\/p>\n<div class=\"adsb30\" style=\"text-align: justify;\"><\/div>\n<p style=\"text-align: justify;\">Esta \u201cnano madera\u201d cuando se presiona en una cierta direcci\u00f3n es 30 veces m\u00e1s fuerte que los materiales aislantes t\u00e9rmicos t\u00edpicos y mucho m\u00e1s aislante.<\/p>\n","protected":false},"excerpt":{"rendered":"<p>La madera transparente y la s\u00faper madera Ahora tenemos una nueva forma de entender y utilizar el material m\u00e1s noble de la tierra, la madera. Gracias a la tecnolog\u00eda ha pasado a un nivel superior, la madera transl\u00facida que se puede utilizar para desarrollar ventanas y paneles solares. Se crea primero quitando el revestimiento de [&hellip;]<\/p>\n","protected":false},"author":1001087,"featured_media":0,"comment_status":"closed","ping_status":"closed","sticky":false,"template":"","format":"standard","meta":{"footnotes":""},"categories":[100],"tags":[],"class_list":["post-7303","post","type-post","status-publish","format-standard","hentry","category-curiosidades-de-la-madera"],"_links":{"self":[{"href":"https:\/\/www.maderasmenur.com\/it\/wp-json\/wp\/v2\/posts\/7303","targetHints":{"allow":["GET"]}}],"collection":[{"href":"https:\/\/www.maderasmenur.com\/it\/wp-json\/wp\/v2\/posts"}],"about":[{"href":"https:\/\/www.maderasmenur.com\/it\/wp-json\/wp\/v2\/types\/post"}],"author":[{"embeddable":true,"href":"https:\/\/www.maderasmenur.com\/it\/wp-json\/wp\/v2\/users\/1001087"}],"replies":[{"embeddable":true,"href":"https:\/\/www.maderasmenur.com\/it\/wp-json\/wp\/v2\/comments?post=7303"}],"version-history":[{"count":0,"href":"https:\/\/www.maderasmenur.com\/it\/wp-json\/wp\/v2\/posts\/7303\/revisions"}],"wp:attachment":[{"href":"https:\/\/www.maderasmenur.com\/it\/wp-json\/wp\/v2\/media?parent=7303"}],"wp:term":[{"taxonomy":"category","embeddable":true,"href":"https:\/\/www.maderasmenur.com\/it\/wp-json\/wp\/v2\/categories?post=7303"},{"taxonomy":"post_tag","embeddable":true,"href":"https:\/\/www.maderasmenur.com\/it\/wp-json\/wp\/v2\/tags?post=7303"}],"curies":[{"name":"wp","href":"https:\/\/api.w.org\/{rel}","templated":true}]}}