{"id":7327,"date":"2018-05-20T23:57:03","date_gmt":"2018-05-20T21:57:03","guid":{"rendered":"https:\/\/www.maderasmenur.com\/?p=7327"},"modified":"2019-12-20T09:10:30","modified_gmt":"2019-12-20T08:10:30","slug":"tipos-de-cortes-de-los-troncos-para-obtener-distintas-apariencias-y-utilidades-en-la-madera","status":"publish","type":"post","link":"https:\/\/www.maderasmenur.com\/it\/tipos-de-cortes-de-los-troncos-para-obtener-distintas-apariencias-y-utilidades-en-la-madera\/","title":{"rendered":"Tipos de cortes de los troncos para obtener distintas apariencias y utilidades en la madera"},"content":{"rendered":"<section  class='av_textblock_section av-k3hg0mig-d80566547d69c59e554de048bdab412a '   itemscope=\"itemscope\" itemtype=\"https:\/\/schema.org\/BlogPosting\" itemprop=\"blogPost\" ><div class='avia_textblock'  itemprop=\"text\" ><figure id=\"newsroom-picture-att-id-5af9df15f197cc74a1000020\" class=\"js-image-size media-picture\" aria-labelledby=\"figcaption_newsroom-picture-att-id-5af9df15f197cc74a1000020\" data-height=\"442\" data-width=\"640\"><a class=\"js-image-size__link \" href=\"https:\/\/www.plataformaarquitectura.cl\/cl\/893834\/asi-se-corta-la-madera-para-obtener-distintas-apariencias-y-utilidades\/5af9df15f197cc74a1000020-asi-se-corta-la-madera-para-obtener-distintas-apariencias-y-utilidades-foto\" rel=\"attachment\"> <picture><source srcset=\"https:\/\/images.adsttc.com\/media\/images\/5af9\/df15\/f197\/cc74\/a100\/0020\/medium_jpg\/featureimage.jpg?1526325005 1040w\" media=\"(max-width: 1040px)\" \/><\/picture><\/a><\/figure>\n<h1 style=\"text-align: center;\" aria-labelledby=\"figcaption_newsroom-picture-att-id-5af9df15f197cc74a1000020\" data-height=\"442\" data-width=\"640\">Tipos de cortes de madera: Minigu\u00eda para conocer m\u00e1s de su proceso de fabricaci\u00f3n<\/h1>\n<figure class=\"js-image-size media-picture\" aria-labelledby=\"figcaption_newsroom-picture-att-id-5af9df15f197cc74a1000020\" data-height=\"442\" data-width=\"640\"><a class=\"js-image-size__link \" href=\"https:\/\/www.plataformaarquitectura.cl\/cl\/893834\/asi-se-corta-la-madera-para-obtener-distintas-apariencias-y-utilidades\/5af9df15f197cc74a1000020-asi-se-corta-la-madera-para-obtener-distintas-apariencias-y-utilidades-foto\" rel=\"attachment\"><picture><img loading=\"lazy\" decoding=\"async\" class=\"sp-no-webp aligncenter\" title=\"tipos de cortes de troncos\" src=\"https:\/\/images.adsttc.com\/media\/images\/5af9\/df15\/f197\/cc74\/a100\/0020\/newsletter\/featureimage.jpg?1526325005\" alt=\"As\u00ed se cortan los troncos para obtener distintas apariencias y utilidades en la madera, \u00a9 Jos\u00e9 Tom\u00e1s Franco\" width=\"1092\" height=\"755\" longdesc=\"https:\/\/www.plataformaarquitectura.cl\/cl\/893834\/asi-se-corta-la-madera-para-obtener-distintas-apariencias-y-utilidades\/5af9df15f197cc74a1000020-asi-se-corta-la-madera-para-obtener-distintas-apariencias-y-utilidades-foto\" data-nr-picture-id=\"5af9df15f197cc74a1000020\" \/><\/picture><\/a><\/figure>\n<p>La madera es uno de los materiales m\u00e1s utilizados\u00a0 en el mundo, hoy vamos a adentrarnos en su proceso de fabricaci\u00f3n y de todas aquellas operaciones que determinan su apariencia, dimensiones, tonalidades, y otros aspectos relevantes. La madera escuadrada que se utiliza para construir se extrae principalmente del despiece de los troncos de m\u00e1s de 2000 especies de \u00e1rboles en todo el mundo, cada uno con diferentes densidades y niveles de humedad. Adem\u00e1s de estos factores, la manera en que el tronco es cortado es determinante para establecer la funcionalidad y las caracter\u00edsticas finales de cada tabla. Hoy vamos a explicar un poco mas sobre los cortes m\u00e1s usados.<\/p>\n<p>Y para ello tenemos primero que terner claros las partes de un tronco. En cual se se compone principalmente de fibras de celulosa unidas por lignina. Desde el exterior al interior, tiene las siguientes partes:<\/p>\n<ul>\n<li><strong>Corteza<\/strong>: capa irregular compuesta de c\u00e9lulas muertas; protege las capas interiores.<\/li>\n<li><strong>Cambium<\/strong>: capa vecina a la corteza, donde se generan nuevas celulas que\u00a0aumentan a\u00f1o a a\u00f1o el di\u00e1metro del tronco.<\/li>\n<li><strong>Albura<\/strong>: madera joven, m\u00e1s clara y en formaci\u00f3n, con un alto\u00a0contenido de agua y poca lignina.<\/li>\n<li><strong>Duramen<\/strong>: madera adulta y oscura, m\u00e1s r\u00edgida y dura por su alto contenido de lignina.<\/li>\n<li><strong>N\u00facleo<\/strong>: Centro del tronco, muy rigida y cohesionada, sin humedad.<\/li>\n<\/ul>\n<figure class=\"js-image-size media-picture\" aria-labelledby=\"5af9e4dcf197cc48e400008e\" data-height=\"402\" data-width=\"640\">\n<div class=\"save-image\">\n<div class=\"save-image-icon clearfix\"><\/div>\n<\/div>\n<p style=\"text-align: center;\"><a class=\"js-image-size__link lazy-anchor\" href=\"https:\/\/www.plataformaarquitectura.cl\/cl\/893834\/asi-se-corta-la-madera-para-obtener-distintas-apariencias-y-utilidades\/5af9e4dcf197cc48e400008e-asi-se-corta-la-madera-para-obtener-distintas-apariencias-y-utilidades-foto\"> <img decoding=\"async\" class=\"b-lazy b-loaded\" src=\"https:\/\/images.adsttc.com\/media\/images\/5af9\/e4dc\/f197\/cc48\/e400\/008e\/newsletter\/Partes_es.jpg?1526326487\" alt=\"\u00a9 Jos\u00e9 Tom\u00e1s Franco\" longdesc=\"https:\/\/www.plataformaarquitectura.cl\/cl\/893834\/asi-se-corta-la-madera-para-obtener-distintas-apariencias-y-utilidades\/5af9e4dcf197cc48e400008e-asi-se-corta-la-madera-para-obtener-distintas-apariencias-y-utilidades-foto\" \/><\/a><\/p>\n<\/figure>\n<p>Las maderas al clasificarse seg\u00fan su dureza para construir \u2013<strong> blandas o duras<\/strong>\u2013, es fundamental definir la proporci\u00f3n entre la Albura\u00a0y el Duramen\u00a0dentro del tronco. Las maderas blandas (provenientes de \u00e1rboles de r\u00e1pido crecimiento) son m\u00e1s baratas y f\u00e1ciles de manejar pero son menos resistentes, mientras que las maderas duras (extra\u00eddas de \u00e1rboles de crecimiento lento) presentan una mayor resistencia pero son m\u00e1s\u00a0caras y delicadas.<\/p>\n<p>Los<strong> anillos de crecimiento<\/strong>, indican horizontalmente la edad del \u00e1rbol, y\u00a0los\u00a0<strong>radios medulares<\/strong>, que trasladan la savia a lo largo del \u00e1rbol en sentido vertical, marcan\u00a0la diferencia en la est\u00e9tica y las caracter\u00edsticas de la tabla de madera resultante.<\/p>\n<p>Formas de aserrar un tronco y sus resultadosAunque estas t\u00e9cnicas pueden ser ser diferentes\u00a0seg\u00fan el uso requerido,\u00a0se podr\u00edan considerar tres cortes principales:\u00a0<strong>Radial, Hilos Encontrados y Paralelo<\/strong>\u2013 y\u00a0una serie de variaciones que\u00a0surgen a partir de ellos:<\/p>\n<h2>Corte Radial (o Rift Sawn)<\/h2>\n<p>Se realiza de forma perpendicular a los anillos de crecimiento. Mantiene la veta visible y permite evitar alabeos (deformaciones que encorvan los bordes de la tabla) o fendas (grietas longitudinales), pero genera un mayor desperdicio de material.<\/p>\n<figure class=\"js-image-size media-picture\" aria-labelledby=\"5af8f12bf197ccff12000173\" data-height=\"397\" data-width=\"640\">\n<p class=\"save-image\">\n<div class=\"save-image-icon clearfix\"><\/div>\n<p><a class=\"js-image-size__link lazy-anchor\" href=\"https:\/\/www.plataformaarquitectura.cl\/cl\/893834\/asi-se-corta-la-madera-para-obtener-distintas-apariencias-y-utilidades\/5af8f12bf197ccff12000173-asi-se-corta-la-madera-para-obtener-distintas-apariencias-y-utilidades-foto\"> <img decoding=\"async\" class=\"b-lazy b-loaded aligncenter\" src=\"https:\/\/images.adsttc.com\/media\/images\/5af8\/f12b\/f197\/ccff\/1200\/0173\/newsletter\/rift.jpg?1526264100\" alt=\"\u00a9 Jos\u00e9 Tom\u00e1s Franco\" longdesc=\"https:\/\/www.plataformaarquitectura.cl\/cl\/893834\/asi-se-corta-la-madera-para-obtener-distintas-apariencias-y-utilidades\/5af8f12bf197ccff12000173-asi-se-corta-la-madera-para-obtener-distintas-apariencias-y-utilidades-foto\" \/><\/a><\/figure>\n<h2>Hilos Encontrados (o Quarter Sawn)<\/h2>\n<p>Se realizan cortes paralelos a los ejes del tronco, obteniendo piezas poco propensas a alabeos o deformaciones y con una gran cantidad de vetas a la vista.<\/p>\n<figure class=\"js-image-size media-picture\" aria-labelledby=\"5af99a02f197cc525a000135\" data-height=\"397\" data-width=\"640\">\n<div class=\"save-image\">\n<p class=\"save-image-text\"><span class=\"save-image-span\">\u00a0<\/span><\/p>\n<\/div>\n<p><a class=\"js-image-size__link lazy-anchor\" href=\"https:\/\/www.plataformaarquitectura.cl\/cl\/893834\/asi-se-corta-la-madera-para-obtener-distintas-apariencias-y-utilidades\/5af99a02f197cc525a000135-asi-se-corta-la-madera-para-obtener-distintas-apariencias-y-utilidades-foto\"> <img decoding=\"async\" class=\"b-lazy b-loaded aligncenter\" src=\"https:\/\/images.adsttc.com\/media\/images\/5af9\/9a02\/f197\/cc52\/5a00\/0135\/newsletter\/quarter.jpg?1526307322\" alt=\"\u00a9 Jos\u00e9 Tom\u00e1s Franco\" longdesc=\"https:\/\/www.plataformaarquitectura.cl\/cl\/893834\/asi-se-corta-la-madera-para-obtener-distintas-apariencias-y-utilidades\/5af99a02f197cc525a000135-asi-se-corta-la-madera-para-obtener-distintas-apariencias-y-utilidades-foto\" \/><\/a><\/figure>\n<h2>Cortes Paralelos (o\u00a0Flat Sawn)<\/h2>\n<p>Es un m\u00e9todo muy utilizado aunque las piezas resultantes no son de la mejor calidad, ya que\u00a0la mayor\u00eda incluyen un cierto porcentaje de la Albura y del Duramen. La pieza central que coincide con el n\u00facleo\u00a0podr\u00eda tender a quebrarse, mientras que las piezas siguientes son propensas a curvarse.<\/p>\n<figure class=\"js-image-size media-picture\" aria-labelledby=\"5af8da4cf197ccff12000162\" data-height=\"397\" data-width=\"640\">\n<p class=\"save-image\">\n<div class=\"save-image-text\"><\/div>\n<p><a class=\"js-image-size__link lazy-anchor\" href=\"https:\/\/www.plataformaarquitectura.cl\/cl\/893834\/asi-se-corta-la-madera-para-obtener-distintas-apariencias-y-utilidades\/5af8da4cf197ccff12000162-asi-se-corta-la-madera-para-obtener-distintas-apariencias-y-utilidades-foto\"> <img decoding=\"async\" class=\"b-lazy b-loaded aligncenter\" src=\"https:\/\/images.adsttc.com\/media\/images\/5af8\/da4c\/f197\/ccff\/1200\/0162\/newsletter\/paralelos.jpg?1526258245\" alt=\"\u00a9 Jos\u00e9 Tom\u00e1s Franco\" longdesc=\"https:\/\/www.plataformaarquitectura.cl\/cl\/893834\/asi-se-corta-la-madera-para-obtener-distintas-apariencias-y-utilidades\/5af8da4cf197ccff12000162-asi-se-corta-la-madera-para-obtener-distintas-apariencias-y-utilidades-foto\" \/><\/a><\/figure>\n<h2>Hilos Paralelos<\/h2>\n<p>Es similar al sistema de &#8216;Cortes Paralelos&#8217;, pero en este caso se obtienen piezas de menor secci\u00f3n, con menos posibilidades de curvarse transversalmente.<\/p>\n<figure class=\"js-image-size media-picture\" aria-labelledby=\"5af8ff32f197cc525a0000a6\" data-height=\"397\" data-width=\"640\">\n<div class=\"save-image\">\n<p class=\"save-image-text\"><span class=\"save-image-span\">\u00a0<\/span><\/p>\n<\/div>\n<p><a class=\"js-image-size__link lazy-anchor\" href=\"https:\/\/www.plataformaarquitectura.cl\/cl\/893834\/asi-se-corta-la-madera-para-obtener-distintas-apariencias-y-utilidades\/5af8ff32f197cc525a0000a6-asi-se-corta-la-madera-para-obtener-distintas-apariencias-y-utilidades-foto\"> <img decoding=\"async\" class=\"b-lazy b-loaded aligncenter\" src=\"https:\/\/images.adsttc.com\/media\/images\/5af8\/ff32\/f197\/cc52\/5a00\/00a6\/newsletter\/paralelos2.jpg?1526267691\" alt=\"\u00a9 Jos\u00e9 Tom\u00e1s Franco\" longdesc=\"https:\/\/www.plataformaarquitectura.cl\/cl\/893834\/asi-se-corta-la-madera-para-obtener-distintas-apariencias-y-utilidades\/5af8ff32f197cc525a0000a6-asi-se-corta-la-madera-para-obtener-distintas-apariencias-y-utilidades-foto\" \/><\/a><\/figure>\n<h2>M\u00e9todo Cantibay<\/h2>\n<p>Permite obtener tablas anchas sin mayor desperdicio, eliminando el n\u00facleo del tronco.<\/p>\n<figure class=\"js-image-size media-picture\" aria-labelledby=\"5af9f4d0f197cc74a1000031\" data-height=\"397\" data-width=\"640\">\n<p class=\"save-image\">\n<div class=\"save-image-text\"><\/div>\n<p><a class=\"js-image-size__link lazy-anchor\" href=\"https:\/\/www.plataformaarquitectura.cl\/cl\/893834\/asi-se-corta-la-madera-para-obtener-distintas-apariencias-y-utilidades\/5af9f4d0f197cc74a1000031-asi-se-corta-la-madera-para-obtener-distintas-apariencias-y-utilidades-foto\"> <img decoding=\"async\" class=\"b-lazy b-loaded aligncenter\" src=\"https:\/\/images.adsttc.com\/media\/images\/5af9\/f4d0\/f197\/cc74\/a100\/0031\/newsletter\/cantibay_.jpg?1526330569\" alt=\"\u00a9 Jos\u00e9 Tom\u00e1s Franco\" longdesc=\"https:\/\/www.plataformaarquitectura.cl\/cl\/893834\/asi-se-corta-la-madera-para-obtener-distintas-apariencias-y-utilidades\/5af9f4d0f197cc74a1000031-asi-se-corta-la-madera-para-obtener-distintas-apariencias-y-utilidades-foto\" \/><\/a><\/figure>\n<h2>Corte Holand\u00e9s<\/h2>\n<p>El tronco se corta en cuatro cuartos para extraer piezas de\u00a0buena calidad en cuanto a resistencia y apariencia.<\/p>\n<figure class=\"js-image-size media-picture\" aria-labelledby=\"5af99a0df197ccff120002ab\" data-height=\"397\" data-width=\"640\">\n<p class=\"save-image\">\n<div class=\"save-image-text\"><\/div>\n<p><a class=\"js-image-size__link lazy-anchor\" href=\"https:\/\/www.plataformaarquitectura.cl\/cl\/893834\/asi-se-corta-la-madera-para-obtener-distintas-apariencias-y-utilidades\/5af99a0df197ccff120002ab-asi-se-corta-la-madera-para-obtener-distintas-apariencias-y-utilidades-foto\"> <img decoding=\"async\" class=\"b-lazy b-loaded aligncenter\" src=\"https:\/\/images.adsttc.com\/media\/images\/5af9\/9a0d\/f197\/ccff\/1200\/02ab\/newsletter\/holandes2.jpg?1526307334\" alt=\"\u00a9 Jos\u00e9 Tom\u00e1s Franco\" longdesc=\"https:\/\/www.plataformaarquitectura.cl\/cl\/893834\/asi-se-corta-la-madera-para-obtener-distintas-apariencias-y-utilidades\/5af99a0df197ccff120002ab-asi-se-corta-la-madera-para-obtener-distintas-apariencias-y-utilidades-foto\" \/><\/a><\/figure>\n<h2>Pieza Enteriza<\/h2>\n<p>En este caso el tronco se utiliza en su m\u00e1ximo potencial, eliminando la corteza hasta obtener una sola pieza cuadrangular.<\/p>\n<figure class=\"js-image-size media-picture\" aria-labelledby=\"5af8fa5cf197ccff12000179\" data-height=\"397\" data-width=\"640\">\n<p class=\"save-image\">\n<div class=\"save-image-text\"><\/div>\n<p><a class=\"js-image-size__link lazy-anchor\" href=\"https:\/\/www.plataformaarquitectura.cl\/cl\/893834\/asi-se-corta-la-madera-para-obtener-distintas-apariencias-y-utilidades\/5af8fa5cf197ccff12000179-asi-se-corta-la-madera-para-obtener-distintas-apariencias-y-utilidades-foto\"> <img decoding=\"async\" class=\"b-lazy b-loaded aligncenter\" src=\"https:\/\/images.adsttc.com\/media\/images\/5af8\/fa5c\/f197\/ccff\/1200\/0179\/newsletter\/entera.jpg?1526266454\" alt=\"\u00a9 Jos\u00e9 Tom\u00e1s Franco\" longdesc=\"https:\/\/www.plataformaarquitectura.cl\/cl\/893834\/asi-se-corta-la-madera-para-obtener-distintas-apariencias-y-utilidades\/5af8fa5cf197ccff12000179-asi-se-corta-la-madera-para-obtener-distintas-apariencias-y-utilidades-foto\" \/><\/a><\/figure>\n<h2>Corte en Cruz<\/h2>\n<p>Se centra en obtener piezas muy resistentes, inscritas totalmente en el Duramen del tronco. Del resto se obtienen piezas m\u00e1s peque\u00f1as.<\/p>\n<figure class=\"js-image-size media-picture\" aria-labelledby=\"5af8f436f197ccff12000174\" data-height=\"397\" data-width=\"640\">\n<p class=\"save-image\">\n<div class=\"save-image-text\"><\/div>\n<p><a class=\"js-image-size__link lazy-anchor\" href=\"https:\/\/www.plataformaarquitectura.cl\/cl\/893834\/asi-se-corta-la-madera-para-obtener-distintas-apariencias-y-utilidades\/5af8f436f197ccff12000174-asi-se-corta-la-madera-para-obtener-distintas-apariencias-y-utilidades-foto\"> <img decoding=\"async\" class=\"b-lazy b-loaded aligncenter\" src=\"https:\/\/images.adsttc.com\/media\/images\/5af8\/f436\/f197\/ccff\/1200\/0174\/newsletter\/cruz.jpg?1526264879\" alt=\"\u00a9 Jos\u00e9 Tom\u00e1s Franco\" longdesc=\"https:\/\/www.plataformaarquitectura.cl\/cl\/893834\/asi-se-corta-la-madera-para-obtener-distintas-apariencias-y-utilidades\/5af8f436f197ccff12000174-asi-se-corta-la-madera-para-obtener-distintas-apariencias-y-utilidades-foto\" \/><\/a><\/figure>\n<h2>Corte Encuartonado<\/h2>\n<p>Se cortan primero las tablas correspondientes al n\u00facleo del tronco, obteniendo del resto piezas m\u00e1s delgadas pero bastante resistentes a deformaciones.<\/p>\n<figure class=\"js-image-size media-picture\" aria-labelledby=\"5af8f2aef197cc525a00009f\" data-height=\"397\" data-width=\"640\">\n<p class=\"save-image\">\n<div class=\"save-image-text\"><\/div>\n<p><a class=\"js-image-size__link lazy-anchor\" href=\"https:\/\/www.plataformaarquitectura.cl\/cl\/893834\/asi-se-corta-la-madera-para-obtener-distintas-apariencias-y-utilidades\/5af8f2aef197cc525a00009f-asi-se-corta-la-madera-para-obtener-distintas-apariencias-y-utilidades-foto\"> <img decoding=\"async\" class=\"b-lazy b-loaded aligncenter\" src=\"https:\/\/images.adsttc.com\/media\/images\/5af8\/f2ae\/f197\/cc52\/5a00\/009f\/newsletter\/encuartonado.jpg?1526264487\" alt=\"\u00a9 Jos\u00e9 Tom\u00e1s Franco\" longdesc=\"https:\/\/www.plataformaarquitectura.cl\/cl\/893834\/asi-se-corta-la-madera-para-obtener-distintas-apariencias-y-utilidades\/5af8f2aef197cc525a00009f-asi-se-corta-la-madera-para-obtener-distintas-apariencias-y-utilidades-foto\" \/><\/a><\/figure>\n<h2>Deformaciones<\/h2>\n<p>Cuando la madera \u2013inicialmente h\u00fameda\u2013 se seca, se producen distintas contracciones seg\u00fan el corte realizado y\u00a0la disposici\u00f3n resultante de los anillos de crecimiento. Aunque esto var\u00eda en las distintas especies, la deformaci\u00f3n siempre es mayor en el sentido tangencial a los anillos, que en su sentido radial.<\/p>\n<figure class=\"js-image-size media-picture\" aria-labelledby=\"5af49c59f197cc7ffc000018\" data-height=\"460\" data-width=\"640\">\n<div class=\"save-image\">\n<div class=\"save-image-text\"><\/div>\n<\/div>\n<p><a class=\"js-image-size__link lazy-anchor\" href=\"https:\/\/www.plataformaarquitectura.cl\/cl\/893834\/asi-se-corta-la-madera-para-obtener-distintas-apariencias-y-utilidades\/5af49c59f197cc7ffc000018-asi-se-corta-la-madera-para-obtener-distintas-apariencias-y-utilidades-foto\"> <img decoding=\"async\" class=\"b-lazy b-loaded aligncenter\" src=\"https:\/\/images.adsttc.com\/media\/images\/5af4\/9c59\/f197\/cc7f\/fc00\/0018\/newsletter\/deformaciones.jpg?1525980244\" alt=\"\u00a9 Jos\u00e9 Tom\u00e1s Franco\" longdesc=\"https:\/\/www.plataformaarquitectura.cl\/cl\/893834\/asi-se-corta-la-madera-para-obtener-distintas-apariencias-y-utilidades\/5af49c59f197cc7ffc000018-asi-se-corta-la-madera-para-obtener-distintas-apariencias-y-utilidades-foto\" \/><\/a><\/figure>\n<\/div><\/section>\n","protected":false},"excerpt":{"rendered":"","protected":false},"author":1001087,"featured_media":14199,"comment_status":"closed","ping_status":"closed","sticky":false,"template":"","format":"standard","meta":{"footnotes":""},"categories":[90],"tags":[],"class_list":["post-7327","post","type-post","status-publish","format-standard","has-post-thumbnail","hentry","category-todo-sobre-la-madera"],"_links":{"self":[{"href":"https:\/\/www.maderasmenur.com\/it\/wp-json\/wp\/v2\/posts\/7327","targetHints":{"allow":["GET"]}}],"collection":[{"href":"https:\/\/www.maderasmenur.com\/it\/wp-json\/wp\/v2\/posts"}],"about":[{"href":"https:\/\/www.maderasmenur.com\/it\/wp-json\/wp\/v2\/types\/post"}],"author":[{"embeddable":true,"href":"https:\/\/www.maderasmenur.com\/it\/wp-json\/wp\/v2\/users\/1001087"}],"replies":[{"embeddable":true,"href":"https:\/\/www.maderasmenur.com\/it\/wp-json\/wp\/v2\/comments?post=7327"}],"version-history":[{"count":0,"href":"https:\/\/www.maderasmenur.com\/it\/wp-json\/wp\/v2\/posts\/7327\/revisions"}],"wp:featuredmedia":[{"embeddable":true,"href":"https:\/\/www.maderasmenur.com\/it\/wp-json\/wp\/v2\/media\/14199"}],"wp:attachment":[{"href":"https:\/\/www.maderasmenur.com\/it\/wp-json\/wp\/v2\/media?parent=7327"}],"wp:term":[{"taxonomy":"category","embeddable":true,"href":"https:\/\/www.maderasmenur.com\/it\/wp-json\/wp\/v2\/categories?post=7327"},{"taxonomy":"post_tag","embeddable":true,"href":"https:\/\/www.maderasmenur.com\/it\/wp-json\/wp\/v2\/tags?post=7327"}],"curies":[{"name":"wp","href":"https:\/\/api.w.org\/{rel}","templated":true}]}}