{"id":7335,"date":"2018-05-25T01:40:41","date_gmt":"2018-05-24T23:40:41","guid":{"rendered":"https:\/\/www.maderasmenur.com\/?p=7335"},"modified":"2019-12-11T12:02:48","modified_gmt":"2019-12-11T11:02:48","slug":"obras-del-nuevo-complejo-para-entrar-a-chile-desde-mendoza","status":"publish","type":"post","link":"https:\/\/www.maderasmenur.com\/it\/obras-del-nuevo-complejo-para-entrar-a-chile-desde-mendoza\/","title":{"rendered":"Obras del nuevo complejo para entrar a Chile"},"content":{"rendered":"<div class=\"row no-margin-sides\">\n<div class=\"col-xs-24 no-padding-sides\">\n<div class=\"resume-news\">\n<p style=\"text-align: justify;\">Por el complejo Los Libertadores (Chile) pasan casi tres millones de personas cada a\u00f1o, y muchos de ellos son mendocinos y argentinos que eligen el pa\u00eds trasandino para vacaciones o hacer compras. A ello se suman los veh\u00edculos de carga que durante todo el a\u00f1o unen ambos pa\u00edses; es un corredor clave para la regi\u00f3n y Mercosur.<\/p>\n<p style=\"text-align: justify;\">A principios de 2017 se proyect\u00f3 su obra. Consta de una estructura de techumbre que cubre una superficie de 16.000m2, y consta de dos pisos construidos con madera laminada. Este material fue el elegido por su versatilidad, resistencia al fuego y las propiedades mec\u00e1nicas para resistir el peso de la nieve.<\/p>\n<\/div>\n<\/div>\n<\/div>\n<div class=\"main-col-article\">\n<div class=\"row fix-margin-responsives-negative-x\" style=\"text-align: justify;\">\n<div class=\"col-xs-24 img-news\">\n<div id=\"w0\" class=\"carousel slide slider-note-view\" data-interval=\"false\">\n<div class=\"carousel-inner\">\n<div class=\"item active\"><img decoding=\"async\" src=\"https:\/\/d1bi2srgse3uhl.cloudfront.net\/uploads\/2018\/05\/image5afae519232d6.jpg\" alt=\"Video: as\u00ed avanzan las obras en el nuevo complejo para entrar a Chile desde Mendoza\" \/><\/div>\n<\/div>\n<\/div>\n<\/div>\n<\/div>\n<div class=\"row control-container no-margin-sides\" style=\"text-align: justify;\">\n<div class=\"col-xs-24 col-md-16 signature-news\"><\/div>\n<\/div>\n<div class=\"row\">\n<div class=\"col-xs-24 content-news margin-bottom-x no-padding-sides\">\n<p style=\"text-align: justify;\"><img decoding=\"async\" src=\"https:\/\/d1bi2srgse3uhl.cloudfront.net\/uploads\/2018\/05\/image5afae697ed707.jpg\" alt=\"\" \/><\/p>\n<p style=\"text-align: justify;\">Es el proyecto m\u00e1s grande de Am\u00e9rica Latina hecho en madera laminada, y su ejecuci\u00f3n enfrent\u00f3 otro desaf\u00edo: su localizaci\u00f3n y la previsi\u00f3n ante las consecuencias de un clima extremo. Y es que la cubierta est\u00e1 pensada para soportar una carga de nieve cercana a los 1.600 kilos por metro cuadrado.<\/p>\n<p style=\"text-align: justify;\"><img decoding=\"async\" src=\"https:\/\/d1bi2srgse3uhl.cloudfront.net\/uploads\/2018\/05\/image5afae6a4af858.jpg\" alt=\"\" \/><\/p>\n<p style=\"text-align: justify;\">De los dos pisos que tendr\u00e1 el nuevo complejo, la planta baja quedar\u00e1 abocada a colectivos y camiones; y en las del primer piso pasar\u00e1n veh\u00edculos particulares o de menor tama\u00f1o. Se espera inaugurarlo enel mes de julio de 201<strong>8<\/strong>.<\/p>\n<p style=\"text-align: justify;\"><img decoding=\"async\" src=\"https:\/\/d1bi2srgse3uhl.cloudfront.net\/uploads\/2018\/05\/image5afae6b7803b1.jpg\" alt=\"\" \/><\/p>\n<\/div>\n<\/div>\n<\/div>\n","protected":false},"excerpt":{"rendered":"<p>Por el complejo Los Libertadores (Chile) pasan casi tres millones de personas cada a\u00f1o, y muchos de ellos son mendocinos y argentinos que eligen el pa\u00eds trasandino para vacaciones o hacer compras. A ello se suman los veh\u00edculos de carga que durante todo el a\u00f1o unen ambos pa\u00edses; es un corredor clave para la regi\u00f3n [&hellip;]<\/p>\n","protected":false},"author":1001087,"featured_media":0,"comment_status":"closed","ping_status":"closed","sticky":false,"template":"","format":"standard","meta":{"footnotes":""},"categories":[100,19],"tags":[],"class_list":["post-7335","post","type-post","status-publish","format-standard","hentry","category-curiosidades-de-la-madera","category-noticias"],"_links":{"self":[{"href":"https:\/\/www.maderasmenur.com\/it\/wp-json\/wp\/v2\/posts\/7335","targetHints":{"allow":["GET"]}}],"collection":[{"href":"https:\/\/www.maderasmenur.com\/it\/wp-json\/wp\/v2\/posts"}],"about":[{"href":"https:\/\/www.maderasmenur.com\/it\/wp-json\/wp\/v2\/types\/post"}],"author":[{"embeddable":true,"href":"https:\/\/www.maderasmenur.com\/it\/wp-json\/wp\/v2\/users\/1001087"}],"replies":[{"embeddable":true,"href":"https:\/\/www.maderasmenur.com\/it\/wp-json\/wp\/v2\/comments?post=7335"}],"version-history":[{"count":0,"href":"https:\/\/www.maderasmenur.com\/it\/wp-json\/wp\/v2\/posts\/7335\/revisions"}],"wp:attachment":[{"href":"https:\/\/www.maderasmenur.com\/it\/wp-json\/wp\/v2\/media?parent=7335"}],"wp:term":[{"taxonomy":"category","embeddable":true,"href":"https:\/\/www.maderasmenur.com\/it\/wp-json\/wp\/v2\/categories?post=7335"},{"taxonomy":"post_tag","embeddable":true,"href":"https:\/\/www.maderasmenur.com\/it\/wp-json\/wp\/v2\/tags?post=7335"}],"curies":[{"name":"wp","href":"https:\/\/api.w.org\/{rel}","templated":true}]}}