{"id":7340,"date":"2018-05-28T23:36:58","date_gmt":"2018-05-28T21:36:58","guid":{"rendered":"https:\/\/www.maderasmenur.com\/?p=7340"},"modified":"2019-12-11T11:12:31","modified_gmt":"2019-12-11T10:12:31","slug":"la-nueva-version-del-granero-americano-con-la-madera-tambien-de-protagonista","status":"publish","type":"post","link":"https:\/\/www.maderasmenur.com\/it\/la-nueva-version-del-granero-americano-con-la-madera-tambien-de-protagonista\/","title":{"rendered":"La nueva versi\u00f3n del granero americano"},"content":{"rendered":"<article id=\"single-content\" class=\"afd-post-content\">\n<p style=\"text-align: justify;\">Esta versi\u00f3n de granero actualizado en Swallowfield persigue aunar dise\u00f1o y construcci\u00f3n donde los v\u00ednculos como la familia y el vecindario rural est\u00e1n en perfecta sinton\u00eda con la madera como protagonista. Este granero se ha concebido en dos partes. Por un lado, un humilde granero dise\u00f1ado para habitantes simples (ganado residente, porcino, ovino, aves, gatos y lechuzas, con talleres y almacenes para una modesta granja). Y por otro sire como homenaje a las formas de construcci\u00f3n del paisaje agr\u00edcola.<\/p>\n<\/article>\n<p style=\"text-align: justify;\">Esta construcci\u00f3n est\u00e1 concebida como un espacio de reuni\u00f3n comunitario, adecuado para la celebraci\u00f3n de conciertos, bodas, exposiciones de arte, lecturas de poes\u00eda, recaudaci\u00f3n de fondos y cenas de mesa larga que sirven una gran cantidad de alimentos de la peque\u00f1a granja. La simplicidad de la forma del granero es intencionalmente una reminiscencia de los graneros tradicionales de Am\u00e9rica del Norte, visibles a trav\u00e9s de los pastos de las granjas vecinas.<\/p>\n<p style=\"text-align: justify;\">El perfil del llamativo techo del granero crea una entrada c\u00e1lida y acogedora, visible en el eje a trav\u00e9s de los jardines y huertos de la granja.<br \/>\nEl proceso de construcci\u00f3n se dise\u00f1\u00f3 para involucrar a la comunidad local en su edificio desde cero, a la manera de los tradicionales levantamientos de graneros. La estructura expresiva consiste en marcos de chapa de madera laminada (LVL) muy espaciados con una conexi\u00f3n \u00fanica de cresta nivelada, lograda con un par de varillas roscadas pegadas que atraviesan para sujetar la viga de intersecci\u00f3n. La estructura logra un alto nivel de econom\u00eda y una expresi\u00f3n refinada de las t\u00e9cnicas tradicionales de enmarcado. Muestra el potencial de la madera contrachapada para ser celebrada en una aplicaci\u00f3n expuesta y eleva los materiales de madera mundana a un nuevo nivel, expresando la belleza de su fuerza y simplicidad visual.<\/p>\n<p style=\"text-align: justify;\">Cuando uno sube las escaleras, la estructura repetitiva del techo inmediatamente atrae la mirada hacia el tragaluz lineal largo en la cresta, que infunde el espacio con calor y una calmante luz difusa, evocando una paz reverente en todos los que entran. El espacio no requiere luz diurna y se calienta de forma natural durante las temporadas medias. Por la noche, est\u00e1 claro que este espacio fue construido para unir a la comunidad, con su brillante tragaluz que atrae a los visitantes desde la calle hasta el bullicio hogare\u00f1o de un sal\u00f3n local.<\/p>\n<p style=\"text-align: justify;\">Debajo del desv\u00e1n, la planta baja es espaciosa y funcional con entradas m\u00faltiples y callejones generosos para mover equipos y animales m\u00e1s grandes, mientras se integra con el granero existente directamente al sur. Las grandes puertas corredizas crean una generosa \u00e1rea de trabajo interior \/ exterior, protegida por el alero del techo.<\/p>\n<p style=\"text-align: justify;\">El edificio est\u00e1 revestido por completo con pino Oreg\u00f3n vertical, recuperado de su uso anterior como encofrado de hormig\u00f3n. Aqu\u00ed, las marcas y manchas del uso anterior de las tablas como encofrado de concreto se dejan visibles, manteniendo la p\u00e1tina y la memoria a medida que el material envejece y cambia con el tiempo.<\/p>\n<p style=\"text-align: justify;\"><a href=\"https:\/\/www.laminur.com\/wp-content\/uploads\/2018\/05\/26212-Swallowfield_Ba.jpg\"><img loading=\"lazy\" decoding=\"async\" class=\"aligncenter size-full wp-image-4370\" src=\"https:\/\/www.laminur.com\/wp-content\/uploads\/2018\/05\/26212-Swallowfield_Ba.jpg\" alt=\"\" width=\"667\" height=\"1000\" \/><\/a> <a href=\"https:\/\/www.laminur.com\/wp-content\/uploads\/2018\/05\/26213-Interior.jpg\"><img loading=\"lazy\" decoding=\"async\" class=\"aligncenter size-large wp-image-4371\" src=\"https:\/\/www.laminur.com\/wp-content\/uploads\/2018\/05\/26213-Interior.jpg\" alt=\"\" width=\"667\" height=\"1000\" \/><\/a> <a href=\"https:\/\/www.laminur.com\/wp-content\/uploads\/2018\/05\/26214-East_entry.jpg\"><img loading=\"lazy\" decoding=\"async\" class=\"size-large wp-image-4372\" src=\"https:\/\/www.laminur.com\/wp-content\/uploads\/2018\/05\/26214-East_entry.jpg\" alt=\"\" width=\"667\" height=\"1000\" \/><\/a> <a href=\"https:\/\/www.laminur.com\/wp-content\/uploads\/2018\/05\/26215-Hayloft.jpg\"><img loading=\"lazy\" decoding=\"async\" class=\"aligncenter size-large wp-image-4373\" src=\"https:\/\/www.laminur.com\/wp-content\/uploads\/2018\/05\/26215-Hayloft.jpg\" alt=\"\" width=\"667\" height=\"1000\" \/><\/a> <a href=\"https:\/\/www.laminur.com\/wp-content\/uploads\/2018\/05\/26216-West_facade.jpg\"><img loading=\"lazy\" decoding=\"async\" class=\"aligncenter size-large wp-image-4374\" src=\"https:\/\/www.laminur.com\/wp-content\/uploads\/2018\/05\/26216-West_facade.jpg\" alt=\"\" width=\"667\" height=\"1000\" \/><\/a> <a href=\"https:\/\/www.laminur.com\/wp-content\/uploads\/2018\/05\/26217-Hayloft.jpg\"><img loading=\"lazy\" decoding=\"async\" class=\"aligncenter size-large wp-image-4375\" src=\"https:\/\/www.laminur.com\/wp-content\/uploads\/2018\/05\/26217-Hayloft.jpg\" alt=\"\" width=\"1006\" height=\"1000\" \/><\/a> <a href=\"https:\/\/www.laminur.com\/wp-content\/uploads\/2018\/05\/26219-Cattle_Loafing.jpg\"><img loading=\"lazy\" decoding=\"async\" class=\"aligncenter size-large wp-image-4376\" src=\"https:\/\/www.laminur.com\/wp-content\/uploads\/2018\/05\/26219-Cattle_Loafing.jpg\" alt=\"\" width=\"667\" height=\"1000\" \/><\/a> <a href=\"https:\/\/www.laminur.com\/wp-content\/uploads\/2018\/05\/26220-East_facade.jpg\"><img loading=\"lazy\" decoding=\"async\" class=\"aligncenter size-large wp-image-4377\" src=\"https:\/\/www.laminur.com\/wp-content\/uploads\/2018\/05\/26220-East_facade.jpg\" alt=\"\" width=\"667\" height=\"1000\" \/><\/a> <a href=\"https:\/\/www.laminur.com\/wp-content\/uploads\/2018\/05\/26221-Construction_Ph.jpg\"><img loading=\"lazy\" decoding=\"async\" class=\"aligncenter size-large wp-image-4378\" src=\"https:\/\/www.laminur.com\/wp-content\/uploads\/2018\/05\/26221-Construction_Ph.jpg\" alt=\"\" width=\"1000\" height=\"1000\" \/><\/a> <a href=\"https:\/\/www.laminur.com\/wp-content\/uploads\/2018\/05\/26222-View_from_the_g.jpg\"><img loading=\"lazy\" decoding=\"async\" class=\"aligncenter size-large wp-image-4379\" src=\"https:\/\/www.laminur.com\/wp-content\/uploads\/2018\/05\/26222-View_from_the_g-1030x687.jpg\" alt=\"\" width=\"1030\" height=\"687\" \/><\/a><\/p>\n<h6 class=\"afd-char-text\">Arquitectos: MOTIV Architects; Ubicaci\u00f3n: Langley, BC, Canad\u00e1; Arquitecto a Cargo: MOTIV Architects; \u00c1rea: 355.0 m2; A\u00f1o Proyecto: 2017<\/h6>\n<h6 class=\"afd-char-text\">https:\/\/www.plataformaarquitectura.cl\/cl\/894621\/granero-swallowfield-motiv-architects<\/h6>\n","protected":false},"excerpt":{"rendered":"<p>Esta versi\u00f3n de granero actualizado en Swallowfield persigue aunar dise\u00f1o y construcci\u00f3n donde los v\u00ednculos como la familia y el vecindario rural est\u00e1n en perfecta sinton\u00eda con la madera como protagonista. Este granero se ha concebido en dos partes. Por un lado, un humilde granero dise\u00f1ado para habitantes simples (ganado residente, porcino, ovino, aves, gatos [&hellip;]<\/p>\n","protected":false},"author":1001087,"featured_media":0,"comment_status":"closed","ping_status":"closed","sticky":false,"template":"","format":"standard","meta":{"footnotes":""},"categories":[99],"tags":[],"class_list":["post-7340","post","type-post","status-publish","format-standard","hentry","category-construcciones-en-madera"],"_links":{"self":[{"href":"https:\/\/www.maderasmenur.com\/it\/wp-json\/wp\/v2\/posts\/7340","targetHints":{"allow":["GET"]}}],"collection":[{"href":"https:\/\/www.maderasmenur.com\/it\/wp-json\/wp\/v2\/posts"}],"about":[{"href":"https:\/\/www.maderasmenur.com\/it\/wp-json\/wp\/v2\/types\/post"}],"author":[{"embeddable":true,"href":"https:\/\/www.maderasmenur.com\/it\/wp-json\/wp\/v2\/users\/1001087"}],"replies":[{"embeddable":true,"href":"https:\/\/www.maderasmenur.com\/it\/wp-json\/wp\/v2\/comments?post=7340"}],"version-history":[{"count":0,"href":"https:\/\/www.maderasmenur.com\/it\/wp-json\/wp\/v2\/posts\/7340\/revisions"}],"wp:attachment":[{"href":"https:\/\/www.maderasmenur.com\/it\/wp-json\/wp\/v2\/media?parent=7340"}],"wp:term":[{"taxonomy":"category","embeddable":true,"href":"https:\/\/www.maderasmenur.com\/it\/wp-json\/wp\/v2\/categories?post=7340"},{"taxonomy":"post_tag","embeddable":true,"href":"https:\/\/www.maderasmenur.com\/it\/wp-json\/wp\/v2\/tags?post=7340"}],"curies":[{"name":"wp","href":"https:\/\/api.w.org\/{rel}","templated":true}]}}