{"id":7353,"date":"2018-06-20T23:04:26","date_gmt":"2018-06-20T21:04:26","guid":{"rendered":"https:\/\/www.maderasmenur.com\/?p=7353"},"modified":"2019-12-09T10:15:23","modified_gmt":"2019-12-09T09:15:23","slug":"el-poema-que-vicente-aleixandre-dedico-a-malaga-se-colocara-sobre-madera-en-la-travesia-del-pintor-nogales","status":"publish","type":"post","link":"https:\/\/www.maderasmenur.com\/it\/el-poema-que-vicente-aleixandre-dedico-a-malaga-se-colocara-sobre-madera-en-la-travesia-del-pintor-nogales\/","title":{"rendered":"En madera el poema dedicado a Malaga de Aleixandre"},"content":{"rendered":"\n<style type=\"text\/css\" data-created_by=\"avia_inline_auto\" id=\"style-css-av-k3y802h8-d609b37e19b0c48850a9f167ebf20db3\">\n#top .av-special-heading.av-k3y802h8-d609b37e19b0c48850a9f167ebf20db3{\npadding-bottom:10px;\n}\nbody .av-special-heading.av-k3y802h8-d609b37e19b0c48850a9f167ebf20db3 .av-special-heading-tag .heading-char{\nfont-size:25px;\n}\n.av-special-heading.av-k3y802h8-d609b37e19b0c48850a9f167ebf20db3 .av-subheading{\nfont-size:15px;\n}\n<\/style>\n<div  class='av-special-heading av-k3y802h8-d609b37e19b0c48850a9f167ebf20db3 av-special-heading-h1 blockquote modern-quote modern-centered  avia-builder-el-0  el_before_av_textblock  avia-builder-el-first '><h1 class='av-special-heading-tag '  itemprop=\"headline\"  >En madera el poema dedicado a Malaga de Aleixandre<\/h1><div class=\"special-heading-border\"><div class=\"special-heading-inner-border\"><\/div><\/div><\/div>\n<section  class='av_textblock_section av-av_textblock-445188a952fb265869ea404d0e52fad7 '   itemscope=\"itemscope\" itemtype=\"https:\/\/schema.org\/BlogPosting\" itemprop=\"blogPost\" ><div class='avia_textblock'  itemprop=\"text\" ><div class=\"voc-detail voc-detail-grid\" data-voc-share-selection=\"\">\n<p style=\"text-align: justify;\">Vicente Aleixandre se quedar\u00e1 para siempre grabado en su <strong>&#8216;Ciudad del para\u00edso&#8217; <\/strong>sobre una fachada de madera laminada en el muro de la<strong> Traves\u00eda del Pintor Nogales<\/strong>, entre la Alcazaba y el Palacio de la Aduana.<\/p>\n<p style=\"text-align: justify;\">Es el dise\u00f1o elegido por el Ayuntamiento para exhibir el poema que el Premio Nobel dedic\u00f3 a M\u00e1laga.<\/p>\n<p style=\"text-align: justify;\"><strong>40 versos y 300 palabras <\/strong>con las que Aleixandre describe con genialidad la ciudad de su infancia se serigrafiar\u00e1n al final del muro, en la parte m\u00e1s amplia de la pared que salva el desnivel entre el Paseo Don <strong>Juan Temboury y Pintor Nogales<\/strong>. El proyecto est\u00e1 presupuestado en 73.189 euros.<\/p>\n<p style=\"text-align: justify;\">El objetivo es que contribuya a realzar la imagen de la ciudad a trav\u00e9s de las palabras de un Nobel y, para ello, lo prioritario es que sea f\u00e1cilmente legible. Por eso, se opta por una tipograf\u00eda sencilla y por un encuadre discreto. Lo importante es el poema.<\/p>\n<p style=\"text-align: justify;\">El poema ver\u00e1 la luz en la v\u00eda p\u00fablica dos a\u00f1os despu\u00e9s de que numerosas personalidades de la cultura apoyaran sin fisuras esta propuesta. <strong>Escritores como Antonio Soler, Luis Alberto de Cuenca, Antonio Garrido Moraga, Alfredo Taj\u00e1n y Antonio G\u00f3mez Yebra<\/strong>; gestores como Salom\u00f3n Castiel, director de La T\u00e9rmica, y Juan Carlos Ram\u00edrez, gerente de la OFM; y Academias como la de Bellas Artes de SanTelmo y la de Ciencias, sumaron sus nombres inmediatamente a la petici\u00f3n.<\/p>\n<p style=\"text-align: justify;\">Noticia de Diario Sur, de 16 de junio de 2018.<\/p>\n<\/div>\n<div>http:\/\/www.diariosur.es\/culturas\/lucira-vicente-aleixandre-20180616222700-nt.html<\/div>\n<\/div><\/section>\n","protected":false},"excerpt":{"rendered":"","protected":false},"author":1001087,"featured_media":0,"comment_status":"closed","ping_status":"closed","sticky":false,"template":"","format":"standard","meta":{"footnotes":""},"categories":[19],"tags":[],"class_list":["post-7353","post","type-post","status-publish","format-standard","hentry","category-noticias"],"_links":{"self":[{"href":"https:\/\/www.maderasmenur.com\/it\/wp-json\/wp\/v2\/posts\/7353","targetHints":{"allow":["GET"]}}],"collection":[{"href":"https:\/\/www.maderasmenur.com\/it\/wp-json\/wp\/v2\/posts"}],"about":[{"href":"https:\/\/www.maderasmenur.com\/it\/wp-json\/wp\/v2\/types\/post"}],"author":[{"embeddable":true,"href":"https:\/\/www.maderasmenur.com\/it\/wp-json\/wp\/v2\/users\/1001087"}],"replies":[{"embeddable":true,"href":"https:\/\/www.maderasmenur.com\/it\/wp-json\/wp\/v2\/comments?post=7353"}],"version-history":[{"count":0,"href":"https:\/\/www.maderasmenur.com\/it\/wp-json\/wp\/v2\/posts\/7353\/revisions"}],"wp:attachment":[{"href":"https:\/\/www.maderasmenur.com\/it\/wp-json\/wp\/v2\/media?parent=7353"}],"wp:term":[{"taxonomy":"category","embeddable":true,"href":"https:\/\/www.maderasmenur.com\/it\/wp-json\/wp\/v2\/categories?post=7353"},{"taxonomy":"post_tag","embeddable":true,"href":"https:\/\/www.maderasmenur.com\/it\/wp-json\/wp\/v2\/tags?post=7353"}],"curies":[{"name":"wp","href":"https:\/\/api.w.org\/{rel}","templated":true}]}}