{"id":7356,"date":"2018-06-24T18:43:19","date_gmt":"2018-06-24T16:43:19","guid":{"rendered":"https:\/\/www.maderasmenur.com\/?p=7356"},"modified":"2019-12-12T09:26:29","modified_gmt":"2019-12-12T08:26:29","slug":"eligen-la-playa-canina-de-torre-del-mar-como-una-de-las-mejores-de-andalucia","status":"publish","type":"post","link":"https:\/\/www.maderasmenur.com\/it\/eligen-la-playa-canina-de-torre-del-mar-como-una-de-las-mejores-de-andalucia\/","title":{"rendered":"Playa canina de Torre del Mar \u00a1De las mejores!"},"content":{"rendered":"\n<style type=\"text\/css\" data-created_by=\"avia_inline_auto\" id=\"style-css-av-k42gkltn-f88bfcd26b41bb99be97450135a0a03a\">\n#top .av-special-heading.av-k42gkltn-f88bfcd26b41bb99be97450135a0a03a{\npadding-bottom:30px;\n}\nbody .av-special-heading.av-k42gkltn-f88bfcd26b41bb99be97450135a0a03a .av-special-heading-tag .heading-char{\nfont-size:25px;\n}\n.av-special-heading.av-k42gkltn-f88bfcd26b41bb99be97450135a0a03a .av-subheading{\nfont-size:15px;\n}\n<\/style>\n<div  class='av-special-heading av-k42gkltn-f88bfcd26b41bb99be97450135a0a03a av-special-heading-h1 blockquote modern-quote modern-centered  avia-builder-el-0  el_before_av_image  avia-builder-el-first '><h1 class='av-special-heading-tag '  itemprop=\"headline\"  >Eligen la playa canina de Torre del Mar como una de las mejores de Andaluc\u00eda<\/h1><div class=\"special-heading-border\"><div class=\"special-heading-inner-border\"><\/div><\/div><\/div>\n\n<style type=\"text\/css\" data-created_by=\"avia_inline_auto\" id=\"style-css-av-k3swnb11-805a38ef0960cc8a755548a78f8a42f6\">\n.avia-image-container.av-k3swnb11-805a38ef0960cc8a755548a78f8a42f6 img.avia_image{\nbox-shadow:none;\n}\n.avia-image-container.av-k3swnb11-805a38ef0960cc8a755548a78f8a42f6 .av-image-caption-overlay-center{\ncolor:#ffffff;\n}\n<\/style>\n<div  class='avia-image-container av-k3swnb11-805a38ef0960cc8a755548a78f8a42f6 av-styling- avia-align-center  avia-builder-el-1  el_after_av_heading  el_before_av_textblock '   itemprop=\"image\" itemscope=\"itemscope\" itemtype=\"https:\/\/schema.org\/ImageObject\" ><div class=\"avia-image-container-inner\"><div class=\"avia-image-overlay-wrap\"><img decoding=\"async\" fetchpriority=\"high\" class='wp-image-12488 avia-img-lazy-loading-not-12488 avia_image ' src=\"https:\/\/www.maderasmenur.com\/wp-content\/uploads\/PIPICAN-DE-MADERA-1.jpg\" alt='Pipican de madera' title='Pipican de madera'  height=\"387\" width=\"600\"  itemprop=\"thumbnailUrl\" srcset=\"https:\/\/www.maderasmenur.com\/wp-content\/uploads\/PIPICAN-DE-MADERA-1.jpg 600w, https:\/\/www.maderasmenur.com\/wp-content\/uploads\/PIPICAN-DE-MADERA-300x194-1.jpg 300w, https:\/\/www.maderasmenur.com\/wp-content\/uploads\/PIPICAN-DE-MADERA-450x290-1.jpg 450w\" sizes=\"(max-width: 600px) 100vw, 600px\" \/><\/div><\/div><\/div>\n<section  class='av_textblock_section av-k3swjbrb-a67965104845cc887ff682086dd1bb22 '   itemscope=\"itemscope\" itemtype=\"https:\/\/schema.org\/BlogPosting\" itemprop=\"blogPost\" ><div class='avia_textblock'  itemprop=\"text\" ><p>As\u00ed lo asegura el conocido portal de Internet \u2018Red Canina\u2019. La playa ya se encuentra apunto para la temporada estival y con mejoras.<\/p>\n<p>Hoy os traemos esta noticias, de la que nos hemos hecho eco desde el grupo Maderas Menur. Se trata de la playa de perros de Torre del Mar. Un proyecto del que desde 2016 hemos puesto nuestro granito de arena, gracias a la confianza de la Delegaci\u00f3n de Playas y su Concejal de Playas.<\/p>\n<p>Y es que tal y como ha relatado el Concejal de Turismo y Playas, Jes\u00fas P\u00e9rez Atencia, en la puesta de largo de la temporada estival 2018 ha se\u00f1alado que Torre del Mar es una ciudad \u2018Pet Friendly y desde el a\u00f1o 2016 cuenta con este excelente espacio ideado para el disfrute de las mascotas y sus due\u00f1os.<\/p>\n<p>Adem\u00e1s en el portal de Internet \u2018Red Canina\u2018 sus\u00a0 usuarios califican a la playa canina de Torre del Mar como la mejor playa canina de Andaluc\u00eda, por que esta perfectamente equipada.El edil torre\u00f1o, Jes\u00fas Atencia, indic\u00f3\u00a0 en la rueda de prensa realizada el pasado 19 de junio que esta playa se enmarca dentro del resto de playas tematizadas con las que contamos a lo largo de nuestro litoral\u201d. Igualmente, record\u00f3 que \u201cse encuentra situada en la playa de Torre del Mar, tramo el mortero, y cuenta con pipican, zona de juegos, fuente para personas y perros, papeleras, carteler\u00eda con normas de buen uso y un servicio especial de limpieza y mantenimiento de la arena\u201d.<\/p>\n<p>P\u00e9rez Atencia, a\u00f1adi\u00f3 que \u201cadem\u00e1s de delimitar mejor la zona, para esta nueva temporada hemos mejorado este espacio incorporando nuevos contenedores y porta-contenedores de playas, puntos de encuentro para los due\u00f1os y sus mascotas, una ducha m\u00e1s pr\u00f3xima a la zona y un cuarto de ba\u00f1o\u201d.<\/p>\n<p>El teniente de alcalde y concejal de Turismo y Playas, Jes\u00fas Atencia, expres\u00f3 su satisfacci\u00f3n por la buena aceptaci\u00f3n que ha tenido esta playa tanto para vecinos como visitantes, y dese\u00f3 que \u201ctodos sus usuarios disfruten junto a sus mascotas y hagan buen uso de este espacio, para que pueda mantenerse en perfectas condiciones durante mucho tiempo\u201d.<\/p>\n<p>Enhorabuena en nombre del grupo Laminur Maderas Menur, a su Concejal de Playas y al ayuntamiento de V\u00e9lez-M\u00e1laga. Gracias por vuestra confianza.<\/p>\n<p>Noticia recogida en https:\/\/www.axarquiaplus.es\/la-playa-canina-de-torre-del-mar-calificada-por-sus-usuarios-como-una-de-las-mejores-de-andalucia\/<\/p>\n<\/div><\/section>\n","protected":false},"excerpt":{"rendered":"","protected":false},"author":1001087,"featured_media":0,"comment_status":"closed","ping_status":"closed","sticky":false,"template":"","format":"standard","meta":{"footnotes":""},"categories":[99],"tags":[],"class_list":["post-7356","post","type-post","status-publish","format-standard","hentry","category-construcciones-en-madera"],"_links":{"self":[{"href":"https:\/\/www.maderasmenur.com\/it\/wp-json\/wp\/v2\/posts\/7356","targetHints":{"allow":["GET"]}}],"collection":[{"href":"https:\/\/www.maderasmenur.com\/it\/wp-json\/wp\/v2\/posts"}],"about":[{"href":"https:\/\/www.maderasmenur.com\/it\/wp-json\/wp\/v2\/types\/post"}],"author":[{"embeddable":true,"href":"https:\/\/www.maderasmenur.com\/it\/wp-json\/wp\/v2\/users\/1001087"}],"replies":[{"embeddable":true,"href":"https:\/\/www.maderasmenur.com\/it\/wp-json\/wp\/v2\/comments?post=7356"}],"version-history":[{"count":0,"href":"https:\/\/www.maderasmenur.com\/it\/wp-json\/wp\/v2\/posts\/7356\/revisions"}],"wp:attachment":[{"href":"https:\/\/www.maderasmenur.com\/it\/wp-json\/wp\/v2\/media?parent=7356"}],"wp:term":[{"taxonomy":"category","embeddable":true,"href":"https:\/\/www.maderasmenur.com\/it\/wp-json\/wp\/v2\/categories?post=7356"},{"taxonomy":"post_tag","embeddable":true,"href":"https:\/\/www.maderasmenur.com\/it\/wp-json\/wp\/v2\/tags?post=7356"}],"curies":[{"name":"wp","href":"https:\/\/api.w.org\/{rel}","templated":true}]}}