{"id":7363,"date":"2018-07-08T23:08:23","date_gmt":"2018-07-08T21:08:23","guid":{"rendered":"https:\/\/www.maderasmenur.com\/?p=7363"},"modified":"2019-12-05T08:01:29","modified_gmt":"2019-12-05T07:01:29","slug":"bunjil-place-el-edificio-civico-comunitario-hibrido-construido-con-madera-laminada","status":"publish","type":"post","link":"https:\/\/www.maderasmenur.com\/it\/bunjil-place-el-edificio-civico-comunitario-hibrido-construido-con-madera-laminada\/","title":{"rendered":"Bunjil Place el edificio c\u00edvico comunitario h\u00edbrido construido con madera laminada"},"content":{"rendered":"\n<style type=\"text\/css\" data-created_by=\"avia_inline_auto\" id=\"style-css-av-av_heading-ae3b98b6adf6f0ca4f975e94d53fb05b\">\n#top .av-special-heading.av-av_heading-ae3b98b6adf6f0ca4f975e94d53fb05b{\npadding-bottom:10px;\n}\nbody .av-special-heading.av-av_heading-ae3b98b6adf6f0ca4f975e94d53fb05b .av-special-heading-tag .heading-char{\nfont-size:25px;\n}\n.av-special-heading.av-av_heading-ae3b98b6adf6f0ca4f975e94d53fb05b .av-subheading{\nfont-size:15px;\n}\n<\/style>\n<div  class='av-special-heading av-av_heading-ae3b98b6adf6f0ca4f975e94d53fb05b av-special-heading-h1 blockquote modern-quote modern-centered  avia-builder-el-0  el_before_av_textblock  avia-builder-el-first '><h1 class='av-special-heading-tag '  itemprop=\"headline\"  >Bunjil Place el edificio c\u00edvico comunitario h\u00edbrido construido con madera laminada<\/h1><div class=\"special-heading-border\"><div class=\"special-heading-inner-border\"><\/div><\/div><\/div>\n<section  class='av_textblock_section av-w3df-c5b999d9860ca1fff4682adf3d8c7fc1 '   itemscope=\"itemscope\" itemtype=\"https:\/\/schema.org\/BlogPosting\" itemprop=\"blogPost\" ><div class='avia_textblock'  itemprop=\"text\" ><div class=\"media_embed\" style=\"text-align: center;\"><iframe loading=\"lazy\" src=\"https:\/\/www.youtube.com\/embed\/K7llF1iYvYo\" width=\"560px\" height=\"315px\" frameborder=\"0\" allowfullscreen=\"allowfullscreen\" data-mce-fragment=\"1\"><\/iframe><\/div>\n<p>El Bujil Place es un edificio de 24.500 m<sup>2<\/sup>, inaugurado en octubre de 2017, ofrece una gran diversidad de espacios, como una biblioteca, un teatro con capacidad para 800 espectadores, una galer\u00eda de arte, \u00a0un espacio plurifuncional para eventos, conferencias, debates y celebraciones, espacios para reuniones y oficinas para m\u00e1s de 400 empleados, a la vez que cuenta con espacios al aire libre, con una plaza comunitaria y grandes \u00e1reas ajardinadas que incluyen un anfiteatro, zonas de lectura y arboledas, adem\u00e1s de un extenso aparcamiento para los usuarios.<\/p>\n<p><img decoding=\"async\" class=\"aligncenter\" src=\"https:\/\/www.arquitecturayempresa.es\/sites\/default\/files\/content\/arquitectura_bunjil-place_interior_escalera.jpg\" alt=\"arquitectura_Bunjil-Place_biblioteca\" \/><\/p>\n<p><img decoding=\"async\" class=\"aligncenter\" src=\"https:\/\/www.arquitecturayempresa.es\/sites\/default\/files\/content\/arquitectura_bunjil-place_interior_auditorio2.jpg\" alt=\"arquitectura_Bunjil-Place_auditorio\" \/><\/p>\n<p><img decoding=\"async\" class=\"aligncenter\" src=\"https:\/\/www.arquitecturayempresa.es\/sites\/default\/files\/content\/arquitectura_bunjil-place_interior_espacio_expositivo.jpg\" alt=\"arquitectura_Bunjil-Place_sala exposici\u00f3n\" \/><\/p>\n<p><img decoding=\"async\" class=\"aligncenter\" src=\"https:\/\/www.arquitecturayempresa.es\/sites\/default\/files\/content\/arquitectura_bunjil-place_interior.jpg\" alt=\"arquitectura_Bunjil-Place_espacio trabajo\" \/><\/p>\n<p><img decoding=\"async\" class=\"aligncenter\" src=\"https:\/\/www.arquitecturayempresa.es\/sites\/default\/files\/content\/arquitectura_bunjil-place_exterior_cenital.jpg\" alt=\"arquitectura_Bunjil-Place_exterior cenital\" \/><\/p>\n<p>Cuenta con un gran vest\u00edbulo de triple altura, que unifica todos los espacios y actividades desarrollados en el conjunto, y que conecta visualmente con la gran plaza exterior a trav\u00e9s de un cerramiento de vidrio de 12 m de altura que invita a los visitantes a acceder al edificio mostr\u00e1ndoles su interior.<\/p>\n<p><img decoding=\"async\" class=\"aligncenter\" src=\"https:\/\/www.arquitecturayempresa.es\/sites\/default\/files\/content\/arquitectura_bunjil-place_interior_hall_1.jpg\" alt=\"arquitectura_Bunjil-Place_hall\" \/><\/p>\n<p><img decoding=\"async\" class=\"aligncenter\" src=\"https:\/\/www.arquitecturayempresa.es\/sites\/default\/files\/content\/arquitectura_bunjil-place_interior_hall.jpg\" alt=\"arquitectura_Bunjil-Place_hall\" \/><\/p>\n<p>Dicho espacio se cubre con una potente estructura de madera laminada que configura la cubierta del edificio, que se extiende de forma org\u00e1nica sobre todo el volumen, ejerciendo de protecci\u00f3n a todo el conjunto, y apoya en dos grandes soportes que enmarcan la entrada al edificio.<\/p>\n<p><img decoding=\"async\" class=\"aligncenter\" src=\"https:\/\/www.arquitecturayempresa.es\/sites\/default\/files\/content\/arquitectura_bunjil-place_interior_detalle_acubierta_madera.jpg\" alt=\"arquitectura_Bunjil-Place_estructura cubierta\" \/><\/p>\n<p><img decoding=\"async\" class=\"aligncenter\" src=\"https:\/\/www.arquitecturayempresa.es\/sites\/default\/files\/content\/arquitectura_bunjil-place_interior_hall_2.jpg\" alt=\"arquitectura_Bunjil-Place_hall\" \/><\/p>\n<p>Su forma en el alzado del acceso se inspira en las alas de un \u00e1guila, significado de Bunjil, bajo las cuales se desarrolla todo el programa.<\/p>\n<p><img loading=\"lazy\" decoding=\"async\" class=\"aligncenter\" src=\"https:\/\/www.arquitecturayempresa.es\/sites\/default\/files\/content\/arquitectura_bunjil-place_interior_hall_ext.jpg\" alt=\"arquitectura_Bunjil-Place_alzado acceso\" width=\"835\" height=\"556\" \/><\/p>\n<p>De este modo se materializa la idea original de los arquitectos para el edificio, un gran volumen horizontal que se extiende en el plano de planta, resguardado bajo el abrigo de las alas protectoras de un potente techo elevado.<\/p>\n<p><img loading=\"lazy\" decoding=\"async\" class=\"aligncenter\" src=\"https:\/\/www.arquitecturayempresa.es\/sites\/default\/files\/content\/arquitectura_bunjil-place_exterior.jpg\" alt=\"arquitectura_Bunjil-Place_alzado\" width=\"873\" height=\"409\" \/><\/p>\n<p><img loading=\"lazy\" decoding=\"async\" class=\"aligncenter\" src=\"https:\/\/www.arquitecturayempresa.es\/sites\/default\/files\/content\/arquitectura_bunjil-place_exterior2.jpg\" alt=\"arquitectura_Bunjil-Place_alzados\" width=\"834\" height=\"391\" \/><\/p>\n<p><img loading=\"lazy\" decoding=\"async\" class=\"aligncenter\" src=\"https:\/\/www.arquitecturayempresa.es\/sites\/default\/files\/content\/arquitectura_bunjil-place_exterior3.jpg\" alt=\"arquitectura_Bunjil-Place_alzados\" width=\"834\" height=\"391\" \/><\/p>\n<p>Los distintos espacios y vol\u00famenes que forman el complejo se organizan formando bandas horizontales que recorren el edificio de forma sinuosa, combinando los acabados blancos con la madera.<\/p>\n<p><img decoding=\"async\" class=\"aligncenter\" src=\"https:\/\/www.arquitecturayempresa.es\/sites\/default\/files\/content\/arquitectura_bunjil-place_interior_recepcion.jpg\" alt=\"arquitectura_Bunjil-Place_cintas\" \/><\/p>\n<p><img decoding=\"async\" class=\"aligncenter\" src=\"https:\/\/www.arquitecturayempresa.es\/sites\/default\/files\/content\/arquitectura_bunjil-place_interior_escalera2.jpg\" alt=\"arquitectura_Bunjil-Place_bandas\" \/><\/p>\n<p style=\"text-align: justify;\">El edificio, a pesar de la complejidad de albergar usos y espacios con necesidades tan diversas, consigue un funcionamiento \u00f3ptimo y cumple con los objetivos perseguidos de sostenibilidad, basados en la eficiencia energ\u00e9tica, con un aprovechamiento m\u00e1ximo de la luz diurna y el uso de sistemas de alto rendimiento, \u00a0la calidad del aire interior, la gesti\u00f3n del consumo de agua, con sistemas de recolecci\u00f3n del agua de lluvia para su reaprovechamiento, y el uso de materiales ecol\u00f3gicos como la madera.<\/p>\n<p style=\"text-align: justify;\">Im\u00e1genes: Trevor Main. https:\/\/fjmtstudio.com\/projects\/bunjil-place\/<\/p>\n<p>https:\/\/www.arquitecturayempresa.es\/noticia\/bunjil-place-arquitectura-hibrida-para-la-ciudad-de-casey-de-fjmt<\/p>\n<\/div><\/section>\n","protected":false},"excerpt":{"rendered":"","protected":false},"author":1001087,"featured_media":0,"comment_status":"closed","ping_status":"closed","sticky":false,"template":"","format":"standard","meta":{"footnotes":""},"categories":[90],"tags":[],"class_list":["post-7363","post","type-post","status-publish","format-standard","hentry","category-todo-sobre-la-madera"],"_links":{"self":[{"href":"https:\/\/www.maderasmenur.com\/it\/wp-json\/wp\/v2\/posts\/7363","targetHints":{"allow":["GET"]}}],"collection":[{"href":"https:\/\/www.maderasmenur.com\/it\/wp-json\/wp\/v2\/posts"}],"about":[{"href":"https:\/\/www.maderasmenur.com\/it\/wp-json\/wp\/v2\/types\/post"}],"author":[{"embeddable":true,"href":"https:\/\/www.maderasmenur.com\/it\/wp-json\/wp\/v2\/users\/1001087"}],"replies":[{"embeddable":true,"href":"https:\/\/www.maderasmenur.com\/it\/wp-json\/wp\/v2\/comments?post=7363"}],"version-history":[{"count":0,"href":"https:\/\/www.maderasmenur.com\/it\/wp-json\/wp\/v2\/posts\/7363\/revisions"}],"wp:attachment":[{"href":"https:\/\/www.maderasmenur.com\/it\/wp-json\/wp\/v2\/media?parent=7363"}],"wp:term":[{"taxonomy":"category","embeddable":true,"href":"https:\/\/www.maderasmenur.com\/it\/wp-json\/wp\/v2\/categories?post=7363"},{"taxonomy":"post_tag","embeddable":true,"href":"https:\/\/www.maderasmenur.com\/it\/wp-json\/wp\/v2\/tags?post=7363"}],"curies":[{"name":"wp","href":"https:\/\/api.w.org\/{rel}","templated":true}]}}