{"id":7404,"date":"2018-09-23T19:50:16","date_gmt":"2018-09-23T17:50:16","guid":{"rendered":"https:\/\/www.maderasmenur.com\/?p=7404"},"modified":"2019-12-05T17:39:57","modified_gmt":"2019-12-05T16:39:57","slug":"rascacielos-de-madera-para-un-futuro-sostenible","status":"publish","type":"post","link":"https:\/\/www.maderasmenur.com\/it\/rascacielos-de-madera-para-un-futuro-sostenible\/","title":{"rendered":"Rascacielos de madera para un futuro sostenible"},"content":{"rendered":"\n<style type=\"text\/css\" data-created_by=\"avia_inline_auto\" id=\"style-css-av-k3sy31h6-2f37e96689f761a87db6e43134f42254\">\n#top .av-special-heading.av-k3sy31h6-2f37e96689f761a87db6e43134f42254{\npadding-bottom:10px;\nfont-size:3vw;\n}\nbody .av-special-heading.av-k3sy31h6-2f37e96689f761a87db6e43134f42254 .av-special-heading-tag .heading-char{\nfont-size:25px;\n}\n#top #wrap_all .av-special-heading.av-k3sy31h6-2f37e96689f761a87db6e43134f42254 .av-special-heading-tag{\nfont-size:3vw;\n}\n.av-special-heading.av-k3sy31h6-2f37e96689f761a87db6e43134f42254 .av-subheading{\nfont-size:15px;\n}\n\n@media only screen and (min-width: 480px) and (max-width: 767px){ \n#top #wrap_all .av-special-heading.av-k3sy31h6-2f37e96689f761a87db6e43134f42254 .av-special-heading-tag{\nfont-size:0.8em;\n}\n}\n\n@media only screen and (max-width: 479px){ \n#top #wrap_all .av-special-heading.av-k3sy31h6-2f37e96689f761a87db6e43134f42254 .av-special-heading-tag{\nfont-size:0.8em;\n}\n}\n<\/style>\n<div  class='av-special-heading av-k3sy31h6-2f37e96689f761a87db6e43134f42254 av-special-heading-h1 blockquote modern-quote modern-centered  avia-builder-el-0  el_before_av_image  avia-builder-el-first  av-inherit-size'><h1 class='av-special-heading-tag '  itemprop=\"headline\"  >Rascacielos de madera para un futuro sostenible<\/h1><div class=\"special-heading-border\"><div class=\"special-heading-inner-border\"><\/div><\/div><\/div>\n\n<style type=\"text\/css\" data-created_by=\"avia_inline_auto\" id=\"style-css-av-jmf59wg4-49da9c6a1ff7e739423ace81bb00f646\">\n.avia-image-container.av-jmf59wg4-49da9c6a1ff7e739423ace81bb00f646 img.avia_image{\nbox-shadow:none;\n}\n.avia-image-container.av-jmf59wg4-49da9c6a1ff7e739423ace81bb00f646 .av-image-caption-overlay-center{\ncolor:#ffffff;\n}\n<\/style>\n<div  class='avia-image-container av-jmf59wg4-49da9c6a1ff7e739423ace81bb00f646 av-styling- avia-align-center  avia-builder-el-1  el_after_av_heading  el_before_av_textblock '   itemprop=\"image\" itemscope=\"itemscope\" itemtype=\"https:\/\/schema.org\/ImageObject\" ><div class=\"avia-image-container-inner\"><div class=\"avia-image-overlay-wrap\"><img decoding=\"async\" fetchpriority=\"high\" class='wp-image-7405 avia-img-lazy-loading-not-7405 avia_image ' src=\"https:\/\/www.maderasmenur.com\/wp-content\/uploads\/1-5.jpg\" alt='' title='1'  height=\"379\" width=\"660\"  itemprop=\"thumbnailUrl\" srcset=\"https:\/\/www.maderasmenur.com\/wp-content\/uploads\/1-5.jpg 660w, https:\/\/www.maderasmenur.com\/wp-content\/uploads\/1-5-300x172.jpg 300w, https:\/\/www.maderasmenur.com\/wp-content\/uploads\/1-5-450x258.jpg 450w, https:\/\/www.maderasmenur.com\/wp-content\/uploads\/1-5-20x11.jpg 20w\" sizes=\"(max-width: 660px) 100vw, 660px\" \/><\/div><\/div><\/div>\n<section  class='av_textblock_section av-jmf5cbw3-0d63256510ee6a5d377614e8be977d6d '   itemscope=\"itemscope\" itemtype=\"https:\/\/schema.org\/BlogPosting\" itemprop=\"blogPost\" ><div class='avia_textblock'  itemprop=\"text\" ><p style=\"text-align: justify;\">El acero fue el material de la arquitectura del siglo XIX. El hormig\u00f3n, el del XX. Ambos brindaron posibilidades hasta entonces incalculables, superando los l\u00edmites de la edificaci\u00f3n. \u00bfSer\u00e1 la madera el material que revolucionar\u00e1 el siglo XXI? Aunque es pronto para afirmarlo, no cabe duda de que actualmente existe una tendencia global que recupera uno de los elementos de construcci\u00f3n m\u00e1s antiguos de la Humanidad, sum\u00e1ndole la tecnolog\u00eda actual, para liderar la arquitectura sostenible.<\/p>\n<p style=\"text-align: justify;\">Fuerte, limpia, est\u00e9tica y vers\u00e1til, la madera es un ingrediente renovable que ahorra energ\u00eda, porque su procesamiento (no se utiliza el material virgen) implica un uso muy inferior al de otros componentes. Adem\u00e1s, es CO2 neutro porque a medida que los \u00e1rboles j\u00f3venes crecen absorben m\u00e1s di\u00f3xido de carbono que el emitido al elaborarla, quemarla&#8230; Puede ser tan fuerte como el acero, pero es mucho m\u00e1s ligera; se instala r\u00e1pidamente acelerando el proceso de construcci\u00f3n, tiene propiedades t\u00e1ctiles y ac\u00fasticas (a\u00edsla el ruido, adem\u00e1s del calor) equilibra la humedad&#8230; Por supuesto, esta madera debe provenir de bosques reforestados y de la tala controlada.<\/p>\n<p style=\"text-align: justify;\">Y no, no arde f\u00e1cilmente. De hecho, puede ser m\u00e1s resistente al fuego que el hormig\u00f3n y el acero, por la cantidad de humedad (en torno al 12%) que posee la madera laminada cruzada, la utilizada principalmente en proyectos arquitect\u00f3nicos, y su comportamiento previsible frente a esta adversidad.<\/p>\n<p style=\"text-align: justify;\">Con la tecnolog\u00eda actual la madera es cada vez m\u00e1s eficiente y adaptable, de ah\u00ed que los rascacielos de este material puedan ser y sean ya una realidad. No es de extra\u00f1ar que no deje de incrementar la demanda de la madera laminada cruzada, una de sus versiones m\u00e1s innovadoras, a pesar de que su coste todav\u00eda es superior al del hormig\u00f3n en un 10%, seg\u00fan datos de la ONU. Los fabricantes de cemento no sienten la presi\u00f3n: \u00e9ste sigue siendo el material de construcci\u00f3n m\u00e1s utilizado en el mundo, de lejos, a pesar de que esta industria suponga un 5% de la emisiones de di\u00f3xido de carbono.<\/p>\n<\/div><\/section>\n\n<style type=\"text\/css\" data-created_by=\"avia_inline_auto\" id=\"style-css-av-av_heading-c18eccd95d150e0ac384d58eb33fe867\">\n#top .av-special-heading.av-av_heading-c18eccd95d150e0ac384d58eb33fe867{\npadding-bottom:10px;\nfont-size:3vw;\n}\nbody .av-special-heading.av-av_heading-c18eccd95d150e0ac384d58eb33fe867 .av-special-heading-tag .heading-char{\nfont-size:25px;\n}\n#top #wrap_all .av-special-heading.av-av_heading-c18eccd95d150e0ac384d58eb33fe867 .av-special-heading-tag{\nfont-size:3vw;\n}\n.av-special-heading.av-av_heading-c18eccd95d150e0ac384d58eb33fe867 .av-subheading{\nfont-size:15px;\n}\n\n@media only screen and (min-width: 480px) and (max-width: 767px){ \n#top #wrap_all .av-special-heading.av-av_heading-c18eccd95d150e0ac384d58eb33fe867 .av-special-heading-tag{\nfont-size:0.8em;\n}\n}\n\n@media only screen and (max-width: 479px){ \n#top #wrap_all .av-special-heading.av-av_heading-c18eccd95d150e0ac384d58eb33fe867 .av-special-heading-tag{\nfont-size:0.8em;\n}\n}\n<\/style>\n<div  class='av-special-heading av-av_heading-c18eccd95d150e0ac384d58eb33fe867 av-special-heading-h3 blockquote modern-quote modern-centered  avia-builder-el-3  el_after_av_textblock  el_before_av_image  av-inherit-size'><h3 class='av-special-heading-tag '  itemprop=\"headline\"  >Tendencia al conservadurismo<\/h3><div class=\"special-heading-border\"><div class=\"special-heading-inner-border\"><\/div><\/div><\/div>\n\n<style type=\"text\/css\" data-created_by=\"avia_inline_auto\" id=\"style-css-av-jmf5fmic-fb5dba458991b3747fa4fa746dc5d6bc\">\n.avia-image-container.av-jmf5fmic-fb5dba458991b3747fa4fa746dc5d6bc img.avia_image{\nbox-shadow:none;\n}\n.avia-image-container.av-jmf5fmic-fb5dba458991b3747fa4fa746dc5d6bc .av-image-caption-overlay-center{\ncolor:#ffffff;\n}\n<\/style>\n<div  class='avia-image-container av-jmf5fmic-fb5dba458991b3747fa4fa746dc5d6bc av-styling- avia-align-center  avia-builder-el-4  el_after_av_heading  el_before_av_textblock '   itemprop=\"image\" itemscope=\"itemscope\" itemtype=\"https:\/\/schema.org\/ImageObject\" ><div class=\"avia-image-container-inner\"><div class=\"avia-image-overlay-wrap\"><img decoding=\"async\" fetchpriority=\"high\" class='wp-image-7408 avia-img-lazy-loading-not-7408 avia_image ' src=\"https:\/\/www.maderasmenur.com\/wp-content\/uploads\/2-4.jpg\" alt='' title='2'  height=\"420\" width=\"660\"  itemprop=\"thumbnailUrl\" srcset=\"https:\/\/www.maderasmenur.com\/wp-content\/uploads\/2-4.jpg 660w, https:\/\/www.maderasmenur.com\/wp-content\/uploads\/2-4-300x191.jpg 300w, https:\/\/www.maderasmenur.com\/wp-content\/uploads\/2-4-450x286.jpg 450w, https:\/\/www.maderasmenur.com\/wp-content\/uploads\/2-4-20x13.jpg 20w\" sizes=\"(max-width: 660px) 100vw, 660px\" \/><\/div><\/div><\/div>\n<section  class='av_textblock_section av-jmf5giz5-0fad68bc5f750e57ed8da8f5991e9fbc '   itemscope=\"itemscope\" itemtype=\"https:\/\/schema.org\/BlogPosting\" itemprop=\"blogPost\" ><div class='avia_textblock'  itemprop=\"text\" ><p style=\"text-align: justify;\">Es evidente que el futuro ser\u00e1 sostenible o no ser\u00e1, de ah\u00ed que cada vez m\u00e1s arquitectos pidan m\u00e1s madera. Uno de sus mayores valedores es el canadiense Michael Green, quien reconoce que la mayor reticencia a la hora de construir con este material proviene del desconocimiento. Del miedo a lo nuevo.<\/p>\n<p style=\"text-align: justify;\">Su estudio de Vancouver firm\u00f3 en 2016 el edificio de madera m\u00e1s alto en EEUU. Emplazado en Minneapolis y bautizado como <em>T3<\/em>, el inmueble de siete plantas fue construido mayoritariamente con componentes de madera de ingenier\u00eda (procesada).<\/p>\n<p style=\"text-align: justify;\">Su hegemon\u00eda tiene los d\u00edas contamos. Pronto lo superar\u00e1 otro proyecto, tambi\u00e9n firmado por Green, que demostrar\u00e1 que la escala importa. Anunciado hace un mes, se trata de un edificio comercial, residencial y de oficinas que contar\u00e1 tambi\u00e9n con un hotel, as\u00ed como con 2.500 metros cuadrados dedicados a la cultura y el arte. El grupo inmobiliario Lotus Equity lo desarrollar\u00e1 en Newark (Nueva Jersey).<\/p>\n<p style=\"text-align: justify;\">Las 11 plantas del <em>Riverfront Squaree<\/em> lo convertir\u00e1n en el m\u00e1s alto de EEUU. Para sus promotores es una apuesta para el futuro, pues se trata de un &#8220;proyecto saludable para un vecindario saludable&#8221;. Consideran que cu\u00e1nta m\u00e1s madera, menos estr\u00e9s para sus habitantes, en tanto que \u00e9sta proporciona mejor calidad del aire, mejor luz y menos ruidos. De ah\u00ed que lo vendan no s\u00f3lo como un buen lugar para vivir, sino tambi\u00e9n para trabajar con mayor productividad.<\/p>\n<\/div><\/section>\n\n<style type=\"text\/css\" data-created_by=\"avia_inline_auto\" id=\"style-css-av-av_heading-58c973d1ffb04a697457dfb7928dc50d\">\n#top .av-special-heading.av-av_heading-58c973d1ffb04a697457dfb7928dc50d{\npadding-bottom:10px;\nfont-size:3vw;\n}\nbody .av-special-heading.av-av_heading-58c973d1ffb04a697457dfb7928dc50d .av-special-heading-tag .heading-char{\nfont-size:25px;\n}\n#top #wrap_all .av-special-heading.av-av_heading-58c973d1ffb04a697457dfb7928dc50d .av-special-heading-tag{\nfont-size:3vw;\n}\n.av-special-heading.av-av_heading-58c973d1ffb04a697457dfb7928dc50d .av-subheading{\nfont-size:15px;\n}\n\n@media only screen and (min-width: 480px) and (max-width: 767px){ \n#top #wrap_all .av-special-heading.av-av_heading-58c973d1ffb04a697457dfb7928dc50d .av-special-heading-tag{\nfont-size:0.8em;\n}\n}\n\n@media only screen and (max-width: 479px){ \n#top #wrap_all .av-special-heading.av-av_heading-58c973d1ffb04a697457dfb7928dc50d .av-special-heading-tag{\nfont-size:0.8em;\n}\n}\n<\/style>\n<div  class='av-special-heading av-av_heading-58c973d1ffb04a697457dfb7928dc50d av-special-heading-h3 blockquote modern-quote modern-centered  avia-builder-el-6  el_after_av_textblock  el_before_av_image  av-inherit-size'><h3 class='av-special-heading-tag '  itemprop=\"headline\"  >Carrera de escalas<\/h3><div class=\"special-heading-border\"><div class=\"special-heading-inner-border\"><\/div><\/div><\/div>\n\n<style type=\"text\/css\" data-created_by=\"avia_inline_auto\" id=\"style-css-av-jmf5iav8-734379c7587514f29936db5f51ef6336\">\n.avia-image-container.av-jmf5iav8-734379c7587514f29936db5f51ef6336 img.avia_image{\nbox-shadow:none;\n}\n.avia-image-container.av-jmf5iav8-734379c7587514f29936db5f51ef6336 .av-image-caption-overlay-center{\ncolor:#ffffff;\n}\n<\/style>\n<div  class='avia-image-container av-jmf5iav8-734379c7587514f29936db5f51ef6336 av-styling- avia-align-center  avia-builder-el-7  el_after_av_heading  el_before_av_textblock '   itemprop=\"image\" itemscope=\"itemscope\" itemtype=\"https:\/\/schema.org\/ImageObject\" ><div class=\"avia-image-container-inner\"><div class=\"avia-image-overlay-wrap\"><img decoding=\"async\" fetchpriority=\"high\" class='wp-image-7411 avia-img-lazy-loading-not-7411 avia_image ' src=\"https:\/\/www.maderasmenur.com\/wp-content\/uploads\/3-2.jpg\" alt='' title='3'  height=\"456\" width=\"660\"  itemprop=\"thumbnailUrl\" srcset=\"https:\/\/www.maderasmenur.com\/wp-content\/uploads\/3-2.jpg 660w, https:\/\/www.maderasmenur.com\/wp-content\/uploads\/3-2-300x207.jpg 300w, https:\/\/www.maderasmenur.com\/wp-content\/uploads\/3-2-450x311.jpg 450w, https:\/\/www.maderasmenur.com\/wp-content\/uploads\/3-2-20x14.jpg 20w\" sizes=\"(max-width: 660px) 100vw, 660px\" \/><\/div><\/div><\/div>\n<section  class='av_textblock_section av-jmf5l335-25fb94307cb3253205df58bde143a225 '   itemscope=\"itemscope\" itemtype=\"https:\/\/schema.org\/BlogPosting\" itemprop=\"blogPost\" ><div class='avia_textblock'  itemprop=\"text\" ><p style=\"text-align: justify;\">El edificio de madera m\u00e1s alto del mundo est\u00e1 en Canad\u00e1. Por ahora. Se trata de <em>Brock Commons<\/em>, una residencia de estudiantes de 18 pisos que concluy\u00f3 el a\u00f1o pasado el estudio Acton Ostry Architects. Hasta entonces, el t\u00edtulo lo ostentaba <em>Treet<\/em> (El \u00c1rbol), en Bergen, Noruega, con 14 plantas. Desarrollado por la Asociaci\u00f3n de Vivienda local BOB, el edificio del estudio Artec se complet\u00f3 en 2015.<\/p>\n<p style=\"text-align: justify;\">Totalmente habitado, fue el pionero en el pa\u00eds, donde actualmente se est\u00e1 construyendo -siguiendo su mismo I+D- , Mj\u00f8st\u00e5rnet, en la peque\u00f1a ciudad de Brumudal, con 18 pisos. Adem\u00e1s de 27 viviendas de dos y tres dormitorios, incluir\u00e1 un hotel, oficinas, zonas comunes con piscina incluida. Con sus 80 metros de altura superar\u00e1, una vez concluido en marzo de 2019, los 53 del canadiense <em>Brock Commons<\/em>.<\/p>\n<p style=\"text-align: justify;\">Compite en esta carrera por la altura el proyecto residencial <em>Haut <\/em>en \u00c1msterdam, que este a\u00f1o se pone a la venta. Cuando concluya, se espera que a finales de 2019, esta promoci\u00f3n de Lingotto ser\u00e1, con sus 73 metros, el edificio de madera m\u00e1s alto de los Pa\u00edses Bajos.<\/p>\n<\/div><\/section>\n\n<style type=\"text\/css\" data-created_by=\"avia_inline_auto\" id=\"style-css-av-jmf5lzhk-363b2e413c9e9ccb9bc907677fe5318f\">\n.avia-image-container.av-jmf5lzhk-363b2e413c9e9ccb9bc907677fe5318f img.avia_image{\nbox-shadow:none;\n}\n.avia-image-container.av-jmf5lzhk-363b2e413c9e9ccb9bc907677fe5318f .av-image-caption-overlay-center{\ncolor:#ffffff;\n}\n<\/style>\n<div  class='avia-image-container av-jmf5lzhk-363b2e413c9e9ccb9bc907677fe5318f av-styling- avia-align-center  avia-builder-el-9  el_after_av_textblock  el_before_av_textblock '   itemprop=\"image\" itemscope=\"itemscope\" itemtype=\"https:\/\/schema.org\/ImageObject\" ><div class=\"avia-image-container-inner\"><div class=\"avia-image-overlay-wrap\"><img decoding=\"async\" fetchpriority=\"high\" class='wp-image-7414 avia-img-lazy-loading-not-7414 avia_image ' src=\"https:\/\/www.maderasmenur.com\/wp-content\/uploads\/4-3.jpg\" alt='' title='4'  height=\"486\" width=\"660\"  itemprop=\"thumbnailUrl\" srcset=\"https:\/\/www.maderasmenur.com\/wp-content\/uploads\/4-3.jpg 660w, https:\/\/www.maderasmenur.com\/wp-content\/uploads\/4-3-300x221.jpg 300w, https:\/\/www.maderasmenur.com\/wp-content\/uploads\/4-3-450x331.jpg 450w, https:\/\/www.maderasmenur.com\/wp-content\/uploads\/4-3-20x15.jpg 20w\" sizes=\"(max-width: 660px) 100vw, 660px\" \/><\/div><\/div><\/div>\n<section  class='av_textblock_section av-jmf5mrlo-54a1fa98d5d3f4de3fa805d440f11fcd '   itemscope=\"itemscope\" itemtype=\"https:\/\/schema.org\/BlogPosting\" itemprop=\"blogPost\" ><div class='avia_textblock'  itemprop=\"text\" ><p style=\"text-align: justify;\">Destinado a ser un icono de la sostenibilidad, no s\u00f3lo se construir\u00e1 con madera laminada cruzada proveniente de bosques europeos gestionados sosteniblemente, sino que i<em>ncluye adem\u00e1s paneles solares y sistema de reciclaje de aguas<\/em>, la torre de viviendas que se emplazar\u00e1 en Amstelkwartier (un nuevo barrio residencial de \u00c1msterdam) aspira a demostrar que la responsabilidad con el medio ambiente es tambi\u00e9n est\u00e9tica y c\u00f3moda. Sus 50 residencias, de entre 100 y 225 metros cuadrados, lo evidencian.<\/p>\n<p style=\"text-align: justify;\">&#8220;El proyecto ser\u00e1 un prototipo para los rascacielos de madera\u00bb, reconoc\u00eda Do Janne Vermeulen, socia de V Architecture, el estudio responsable de Haut, a Timber Design and Techonology, una plataforma dedicada a la construcci\u00f3n en madera. \u00c9sta &#8220;no s\u00f3lo es un material c\u00e1lido, natural, sino tambi\u00e9n flexible. Ello permite que las viviendas sean hechas a medida&#8221;, a\u00f1ad\u00eda. Como en la moda existe la <em>haut couture<\/em> (alta costura), este proyecto de \u00c1msterdam supondr\u00e1 la <em>haut architecture<\/em> (alta arquitectura).<\/p>\n<p style=\"text-align: justify;\">Las cualidades est\u00e9ticas, casi emocionales, de la madera tampoco pueden ser subestimadas. El <em>Centro Cultural de Skelleftea<\/em>, en Suecia, lo demuestra. A cargo de uno del estudio White Arkitekter se inaugurar\u00e1 el a\u00f1o que viene. Se basa en un sistema de construcci\u00f3n h\u00edbrido, pues una de las construcciones tambi\u00e9n se sirve del acero y rinde homenaje a la tradici\u00f3n maderera del pa\u00eds, aspirando a ser ejemplo en este tipo de edificaciones. Con 76 metros establecer\u00e1 el r\u00e9cord en Suecia, que podr\u00e1 ser disfrutado por sus ciudadanos ya que es un espacio p\u00fablico que contar\u00e1 con un centro cultural, la biblioteca de la ciudad y un hotel.<\/p>\n<\/div><\/section>\n\n<style type=\"text\/css\" data-created_by=\"avia_inline_auto\" id=\"style-css-av-av_heading-1e301a3acd66f507aec3c952aa265110\">\n#top .av-special-heading.av-av_heading-1e301a3acd66f507aec3c952aa265110{\npadding-bottom:10px;\nfont-size:3vw;\n}\nbody .av-special-heading.av-av_heading-1e301a3acd66f507aec3c952aa265110 .av-special-heading-tag .heading-char{\nfont-size:25px;\n}\n#top #wrap_all .av-special-heading.av-av_heading-1e301a3acd66f507aec3c952aa265110 .av-special-heading-tag{\nfont-size:3vw;\n}\n.av-special-heading.av-av_heading-1e301a3acd66f507aec3c952aa265110 .av-subheading{\nfont-size:15px;\n}\n\n@media only screen and (min-width: 480px) and (max-width: 767px){ \n#top #wrap_all .av-special-heading.av-av_heading-1e301a3acd66f507aec3c952aa265110 .av-special-heading-tag{\nfont-size:0.8em;\n}\n}\n\n@media only screen and (max-width: 479px){ \n#top #wrap_all .av-special-heading.av-av_heading-1e301a3acd66f507aec3c952aa265110 .av-special-heading-tag{\nfont-size:0.8em;\n}\n}\n<\/style>\n<div  class='av-special-heading av-av_heading-1e301a3acd66f507aec3c952aa265110 av-special-heading-h3 blockquote modern-quote modern-centered  avia-builder-el-11  el_after_av_textblock  el_before_av_image  av-inherit-size'><h3 class='av-special-heading-tag '  itemprop=\"headline\"  >R\u00e9cord de r\u00e9cords<\/h3><div class=\"special-heading-border\"><div class=\"special-heading-inner-border\"><\/div><\/div><\/div>\n\n<style type=\"text\/css\" data-created_by=\"avia_inline_auto\" id=\"style-css-av-jmf5ojwz-c7b7fd86c6c996a31f9776b68a121d23\">\n.avia-image-container.av-jmf5ojwz-c7b7fd86c6c996a31f9776b68a121d23 img.avia_image{\nbox-shadow:none;\n}\n.avia-image-container.av-jmf5ojwz-c7b7fd86c6c996a31f9776b68a121d23 .av-image-caption-overlay-center{\ncolor:#ffffff;\n}\n<\/style>\n<div  class='avia-image-container av-jmf5ojwz-c7b7fd86c6c996a31f9776b68a121d23 av-styling- avia-align-center  avia-builder-el-12  el_after_av_heading  el_before_av_textblock '   itemprop=\"image\" itemscope=\"itemscope\" itemtype=\"https:\/\/schema.org\/ImageObject\" ><div class=\"avia-image-container-inner\"><div class=\"avia-image-overlay-wrap\"><img decoding=\"async\" fetchpriority=\"high\" class='wp-image-7417 avia-img-lazy-loading-not-7417 avia_image ' src=\"https:\/\/www.maderasmenur.com\/wp-content\/uploads\/5-3.jpg\" alt='' title='5'  height=\"412\" width=\"660\"  itemprop=\"thumbnailUrl\" srcset=\"https:\/\/www.maderasmenur.com\/wp-content\/uploads\/5-3.jpg 660w, https:\/\/www.maderasmenur.com\/wp-content\/uploads\/5-3-300x187.jpg 300w, https:\/\/www.maderasmenur.com\/wp-content\/uploads\/5-3-450x281.jpg 450w, https:\/\/www.maderasmenur.com\/wp-content\/uploads\/5-3-20x12.jpg 20w\" sizes=\"(max-width: 660px) 100vw, 660px\" \/><\/div><\/div><\/div>\n<section  class='av_textblock_section av-jmf5p8qa-27e4e18c25798d5977267601d86dec40 '   itemscope=\"itemscope\" itemtype=\"https:\/\/schema.org\/BlogPosting\" itemprop=\"blogPost\" ><div class='avia_textblock'  itemprop=\"text\" ><p style=\"text-align: justify;\">Adem\u00e1s de la necesidad de cuidar del planeta, los desarrollos recientes en la tecnolog\u00eda de la madera de ingenier\u00eda son los que hacen posible este tipo de estructuras, que cada vez son m\u00e1s ambiciosas.<\/p>\n<p style=\"text-align: justify;\">Recientemente la compa\u00f1\u00eda japonesa Sumitomo Forestry anunciaba la preparaci\u00f3n de W350 Plan, un rascacielos de 350 metros con el objetivo de crear &#8220;ciudades respetuosas con el medio ambiente y que utilizan la madera&#8221;. Ideado por el Instituto de Investigaci\u00f3n Tsukuba, la estructura del inmueble ser\u00e1 h\u00edbrida (contar\u00e1 con acero, pero el 90% ser\u00e1 de madera). La estructura interior ser\u00e1 de este material puro, \u00abproduciendo un espacio tranquilo que emana el calor y la suavidad\u00bb de este material, explican sus responsables, quienes contaron con la colaboraci\u00f3n de Nikken Sekkei Ltd.<\/p>\n<p style=\"text-align: justify;\">De esta nueva obra destaca su exterior, en el que la naturaleza trepa por los balcones para ofrecer &#8220;una vista de la biodiversidad en un entorno urbano&#8221;. Porque uno de los objetivos de W350 Plan es crear una simbiosis con la sociedad y el medioambiente. As\u00ed, aspira a cambiar las ciudades por bosques, pues &#8220;los edificios que est\u00e1n llenos de vegetaci\u00f3n formar\u00e1n una red que est\u00e1 vinculada a la biosfera de las criaturas vivas, como las aves silvestres y los insectos, contribuyendo a la biodiversidad de las ciudades&#8221;, afirman fuentes de la la compa\u00f1\u00eda. Para verlo habr\u00e1 que esperar hasta el a\u00f1o 2041.<\/p>\n<\/div><\/section>\n<section  class='av_textblock_section av-jmf5rj4t-e9c70e7040e01722f4a93778da69682c '   itemscope=\"itemscope\" itemtype=\"https:\/\/schema.org\/BlogPosting\" itemprop=\"blogPost\" ><div class='avia_textblock'  itemprop=\"text\" ><p>Im\u00e1genes: EL MUNDO<\/p>\n<p>http:\/\/www.elmundo.es\/economia\/vivienda\/2018\/03\/03\/5a9964e546163fba308b461d.html<\/p>\n<\/div><\/section>\n","protected":false},"excerpt":{"rendered":"","protected":false},"author":1001087,"featured_media":0,"comment_status":"closed","ping_status":"closed","sticky":false,"template":"","format":"standard","meta":{"footnotes":""},"categories":[99],"tags":[],"class_list":["post-7404","post","type-post","status-publish","format-standard","hentry","category-construcciones-en-madera"],"_links":{"self":[{"href":"https:\/\/www.maderasmenur.com\/it\/wp-json\/wp\/v2\/posts\/7404","targetHints":{"allow":["GET"]}}],"collection":[{"href":"https:\/\/www.maderasmenur.com\/it\/wp-json\/wp\/v2\/posts"}],"about":[{"href":"https:\/\/www.maderasmenur.com\/it\/wp-json\/wp\/v2\/types\/post"}],"author":[{"embeddable":true,"href":"https:\/\/www.maderasmenur.com\/it\/wp-json\/wp\/v2\/users\/1001087"}],"replies":[{"embeddable":true,"href":"https:\/\/www.maderasmenur.com\/it\/wp-json\/wp\/v2\/comments?post=7404"}],"version-history":[{"count":0,"href":"https:\/\/www.maderasmenur.com\/it\/wp-json\/wp\/v2\/posts\/7404\/revisions"}],"wp:attachment":[{"href":"https:\/\/www.maderasmenur.com\/it\/wp-json\/wp\/v2\/media?parent=7404"}],"wp:term":[{"taxonomy":"category","embeddable":true,"href":"https:\/\/www.maderasmenur.com\/it\/wp-json\/wp\/v2\/categories?post=7404"},{"taxonomy":"post_tag","embeddable":true,"href":"https:\/\/www.maderasmenur.com\/it\/wp-json\/wp\/v2\/tags?post=7404"}],"curies":[{"name":"wp","href":"https:\/\/api.w.org\/{rel}","templated":true}]}}