{"id":7719,"date":"2019-01-08T14:04:58","date_gmt":"2019-01-08T13:04:58","guid":{"rendered":"https:\/\/www.maderasmenur.com\/?p=7719"},"modified":"2019-12-11T13:58:07","modified_gmt":"2019-12-11T12:58:07","slug":"casas-eficientes-que-cuidan-de-la-salud","status":"publish","type":"post","link":"https:\/\/www.maderasmenur.com\/it\/casas-eficientes-que-cuidan-de-la-salud\/","title":{"rendered":"Casas eficientes que cuidan la salud"},"content":{"rendered":"\n<style type=\"text\/css\" data-created_by=\"avia_inline_auto\" id=\"style-css-av-k3sy8mbn-a8773bdd1f7b2891ea6449a4978feb7e\">\n#top .av-special-heading.av-k3sy8mbn-a8773bdd1f7b2891ea6449a4978feb7e{\npadding-bottom:10px;\n}\nbody .av-special-heading.av-k3sy8mbn-a8773bdd1f7b2891ea6449a4978feb7e .av-special-heading-tag .heading-char{\nfont-size:25px;\n}\n.av-special-heading.av-k3sy8mbn-a8773bdd1f7b2891ea6449a4978feb7e .av-subheading{\nfont-size:15px;\n}\n<\/style>\n<div  class='av-special-heading av-k3sy8mbn-a8773bdd1f7b2891ea6449a4978feb7e av-special-heading-h1 blockquote modern-quote modern-centered  avia-builder-el-0  el_before_av_textblock  avia-builder-el-first '><h1 class='av-special-heading-tag '  itemprop=\"headline\"  >CASAS EFICIENTES QUE CUIDAN DE LA SALUD<\/h1><div class=\"special-heading-border\"><div class=\"special-heading-inner-border\"><\/div><\/div><\/div>\n<section  class='av_textblock_section av-jqnrjz58-830a2e118d3f63772a5dfadafd1ec556 '   itemscope=\"itemscope\" itemtype=\"https:\/\/schema.org\/BlogPosting\" itemprop=\"blogPost\" ><div class='avia_textblock'  itemprop=\"text\" ><div class=\"articulo-apertura \">\n<div id=\"articulo-introduccion\" class=\"articulo-introduccion\">\n<p>Hay un esquinazo en Guadalix de la Sierra (Madrid) con una casa que parece el decorado de una pel\u00edcula. Un tejado a dos aguas cubre una estructura de madera gris azulada con enormes ventanales. En su puerta, un certificado indica que es biopasiva, una vivienda que<a href=\"https:\/\/elpais.com\/tag\/arquitectura_sostenible\/a\">\u00a0no solo tiene un ahorro energ\u00e9tico superior<\/a>\u00a0(y no pierde temperatura) sino que adem\u00e1s, el aire que corre dentro es, cuentan, saludable. Es una casa piloto pero est\u00e1 hecha para entrar a vivir. Sirve de oficina a 100&#215;100 madera, una empresa que proyecta casas eficientes y que roz\u00f3 en 2017 los 1,5 millones de euros de facturaci\u00f3n. Afirman que sus viviendas tienen una factura el\u00e9ctrica de 27 euros al mes, incluyendo el agua caliente.<\/p>\n<\/div>\n<\/div>\n<div id=\"roba_principal\" class=\"envoltorio_publi\">\n<div id=\"elpais_gpt-MPU1\" class=\"publi_luto_horizontal\" data-google-query-id=\"CN-Mpbyd3t8CFZVx4AodvZIEKA\"><\/div>\n<\/div>\n<\/div><\/section>\n\n<style type=\"text\/css\" data-created_by=\"avia_inline_auto\" id=\"style-css-av-jqnrkwxr-db6bfc93af291bbe9c4739ac1082a85d\">\n.avia-image-container.av-jqnrkwxr-db6bfc93af291bbe9c4739ac1082a85d img.avia_image{\nbox-shadow:none;\n}\n.avia-image-container.av-jqnrkwxr-db6bfc93af291bbe9c4739ac1082a85d .av-image-caption-overlay-center{\ncolor:#ffffff;\n}\n<\/style>\n<div  class='avia-image-container av-jqnrkwxr-db6bfc93af291bbe9c4739ac1082a85d av-styling- avia-align-center  avia-builder-el-2  el_after_av_textblock  el_before_av_textblock '   itemprop=\"image\" itemscope=\"itemscope\" itemtype=\"https:\/\/schema.org\/ImageObject\" ><div class=\"avia-image-container-inner\"><div class=\"avia-image-overlay-wrap\"><img decoding=\"async\" fetchpriority=\"high\" class='wp-image-7720 avia-img-lazy-loading-not-7720 avia_image ' src=\"https:\/\/www.maderasmenur.com\/wp-content\/uploads\/GUA.jpg\" alt='' title='GUA'  height=\"552\" width=\"980\"  itemprop=\"thumbnailUrl\" srcset=\"https:\/\/www.maderasmenur.com\/wp-content\/uploads\/GUA.jpg 980w, https:\/\/www.maderasmenur.com\/wp-content\/uploads\/GUA-300x169.jpg 300w, https:\/\/www.maderasmenur.com\/wp-content\/uploads\/GUA-768x433.jpg 768w, https:\/\/www.maderasmenur.com\/wp-content\/uploads\/GUA-705x397.jpg 705w, https:\/\/www.maderasmenur.com\/wp-content\/uploads\/GUA-450x253.jpg 450w\" sizes=\"(max-width: 980px) 100vw, 980px\" \/><\/div><\/div><\/div>\n<section  class='av_textblock_section av-jqnrmnjq-e0adbc9d4e12f8f3af6e5d282ca483a9 '   itemscope=\"itemscope\" itemtype=\"https:\/\/schema.org\/BlogPosting\" itemprop=\"blogPost\" ><div class='avia_textblock'  itemprop=\"text\" ><p>Nacida en el Pa\u00eds Vasco 1993 como empresa importadora de madera de Finlandia, ha evolucionado hasta convertirse en un negocio inmobiliario que trabaja con arquitectos y constructoras. \u201cEn el norte de Europa\u00a0<a href=\"https:\/\/elpais.com\/economia\/2015\/10\/09\/vivienda\/1444380861_175041.html\">es primordial no perder calor en las casas<\/a>. All\u00ed les viene de lejos esta forma eficiente de construir. Trabajando como distribuidor de esta madera, te empapas de su forma de ver el medio ambiente y quieres importarla\u201d, apunta Ander Echevarr\u00eda, fundador del proyecto. No les ha ido mal. Si hace nueve a\u00f1os un m\u00e1ximo de tres familias confiaban en sus soluciones, ahora no bajan de 25 proyectos al a\u00f1o. Raquel Pel\u00e1ez, gerente y cofundadora, defiende que se debe al momento actual que vivimos. \u201cMuy lentamente, pero existe un cambio de conciencia. Aunque sea por la pobreza energ\u00e9tica o por el cambio clim\u00e1tico, cada vez hay m\u00e1s personas que ven que no se pueden seguir pagando esas facturas, derrochando calefacci\u00f3n y aire acondicionado\u201d.<\/p>\n<div id=\"elpais_gpt-MPU1\" class=\"publi_luto_vertical\"><\/div>\n<div id=\"elpais_gpt-INTEXT\" data-google-query-id=\"CJnNr_We3t8CFRqiewodcg0PTA\">\n<div id=\"google_ads_iframe_\/7811748\/elpais_finanzas_economia_web\/intext_0__container__\"><iframe id=\"google_ads_iframe_\/7811748\/elpais_finanzas_economia_web\/intext_0\" title=\"3rd party ad content\" name=\"google_ads_iframe_\/7811748\/elpais_finanzas_economia_web\/intext_0\" width=\"1\" height=\"1\" frameborder=\"0\" marginwidth=\"0\" marginheight=\"0\" scrolling=\"no\" data-google-container-id=\"5\" data-load-complete=\"true\" data-mce-fragment=\"1\"><\/iframe><\/div>\n<\/div>\n<p><a href=\"https:\/\/elpais.com\/economia\/2017\/09\/22\/actualidad\/1506088730_345149.html\">Las suyas son casas herm\u00e9ticas<\/a>, con materiales reciclados, con un sistema que recupera el calor y purifica el aire. Su consumo energ\u00e9tico ha ido reduci\u00e9ndose a medida que aprend\u00edan a vivir en la casa y aprovechar las posibilidades de la construcci\u00f3n. Lecciones que han servido para seguir avanzando en su I+D+i. \u201cArrancamos con una factura de 80 euros, pero hemos ido mejorando los sistemas de recirculaci\u00f3n de aire e instalando placas solares\u201d, a\u00f1ade Echevarr\u00eda. El capital inicial de la empresa fue de 300.000 euros, parte capital propio y parte con la aportaci\u00f3n de proveedores, que les pagaron en materiales por valor de 70.000 euros. Los 80.000 iniciales los pusieron Pel\u00e1ez y Echevarr\u00eda y 150.000 fue un cr\u00e9dito de Triodos Bank, en cuya IV edici\u00f3n del Premio Empresas quedaron finalistas este a\u00f1o.<\/p>\n<div class=\"teads-adCall\"><\/div>\n<p>Los servicios que ofrecen son los que podr\u00eda hacer un jefe de obra. No son un estudio ni una constructora sino, por decirlo de alguna manera, los responsables de que se construya bien. En la casa piloto reciben al cliente que quiere hacerse o reformar su casa o local y lo ponen en contacto con estudios. Cada parte, desde el arquitecto a la constructora, hace un presupuesto. \u201cDividirlo abarata los costes para el cliente y ganamos en transparencia, hacemos un control de obra m\u00e1s exigente e imparcial\u201d, juzga Echevarr\u00eda. Cuando se da el visto bueno al presupuesto, la empresa se encarga de garantizar que materiales, planos y soluciones respondan a\u00a0<a href=\"https:\/\/elpais.com\/elpais\/2017\/09\/11\/alterconsumismo\/1505136964_747241.html\">los criterios y est\u00e1ndares de eficiencia y construcci\u00f3n biopasiva<\/a>. De cada proyecto, 100&#215;100 madera factura el 30% del total.<\/p>\n<p>\u201cSomos como los guardianes de las esencias. Si una persona quiere un tipo de ventana porque le gusta m\u00e1s y nosotros no creemos que sea la adecuada, no se pone, porque hacerlo comprometer\u00eda el sistema\u201d, a\u00f1ade Echeverr\u00eda. Junto a Raquel y Ander trabajan 33 personas m\u00e1s entre contratados y externos. Son en su mayor\u00eda ingenieros y arquitectos, muchos de los cuales han pasado por el alem\u00e1n PassivHaus Institut, pionero en construcci\u00f3n eficiente, y poseedor de uno de los est\u00e1ndares m\u00e1s populares de casas pasivas.<\/p>\n<p>En una casa como las que construyen, el metro cuadrado cuesta alrededor de 1.200 euros, un precio que aseguran se amortiza r\u00e1pido porque la factura del combustible, \u201cque es de por vida y seguir\u00e1 subiendo\u201d, se mantiene a raya. Conf\u00edan en que cada vez haya m\u00e1s personas que apuesten por el cambio: \u201cEs importante que se comprenda el ahorro energ\u00e9tico que supone, y lo saludable que son estas construcciones, pero tambi\u00e9n que se haga presi\u00f3n y se denuncie el tipo de casas en las que vivimos, que contaminan y pierden energ\u00eda, fruto de una cultura que construye para vender r\u00e1pido con malas calidades\u201d. La empresa proyecta, adem\u00e1s de casas unifamiliares, edificios en madera, oficinas y escuelas infantiles.<\/p>\n<p>Para ellos, el escenario perfecto ser\u00eda convencer de las bondades de la bioconstrucci\u00f3n a diversos grupos de propietarios, desde las administraciones a comunidades de vecinos y cohousing (cooperativas de vecinos con voz para decidir c\u00f3mo ser\u00e1n sus edificios). Son conscientes de que en las ciudades es m\u00e1s dif\u00edcil hacerse un hueco por la cantidad de promociones de pisos que hay y, adem\u00e1s, el precio de estas \u201ccasas sanas\u201d se encarece por culpa de la contaminaci\u00f3n. \u201cSi en la sierra de Madrid cambiamos los filtros del aparato que mantiene el aire limpio una vez cada dos a\u00f1os, en la capital hay casas que tienen que cambiarlo cada tres meses. Imag\u00ednate lo que estamos respirando\u201d, explica Echevarr\u00eda. \u201cEl cambio debe hacerse desde arriba, penalizar por construir sin garant\u00edas de eficiencia energ\u00e9tica\u201d, a\u00f1ade su compa\u00f1era. \u201cDe nada sirve la rebeld\u00eda solar si la casa pierde calor, si no est\u00e1 bien aislada\u2026 y nosotros estudiamos todo eso, construimos y funciona\u201d, resume.<\/p>\n<\/div><\/section>\n<section  class='av_textblock_section av-jqnroqe9-3638e2daeb7cca120b45e2dd26496d87 '   itemscope=\"itemscope\" itemtype=\"https:\/\/schema.org\/BlogPosting\" itemprop=\"blogPost\" ><div class='avia_textblock'  itemprop=\"text\" ><p>IMAGEN: EL PAIS<\/p>\n<p>LINK: https:\/\/elpais.com\/economia\/2018\/02\/08\/actualidad\/1518088091_482358.html<\/p>\n<\/div><\/section>\n","protected":false},"excerpt":{"rendered":"","protected":false},"author":1001087,"featured_media":7720,"comment_status":"closed","ping_status":"closed","sticky":false,"template":"","format":"standard","meta":{"footnotes":""},"categories":[99],"tags":[],"class_list":["post-7719","post","type-post","status-publish","format-standard","has-post-thumbnail","hentry","category-construcciones-en-madera"],"_links":{"self":[{"href":"https:\/\/www.maderasmenur.com\/it\/wp-json\/wp\/v2\/posts\/7719","targetHints":{"allow":["GET"]}}],"collection":[{"href":"https:\/\/www.maderasmenur.com\/it\/wp-json\/wp\/v2\/posts"}],"about":[{"href":"https:\/\/www.maderasmenur.com\/it\/wp-json\/wp\/v2\/types\/post"}],"author":[{"embeddable":true,"href":"https:\/\/www.maderasmenur.com\/it\/wp-json\/wp\/v2\/users\/1001087"}],"replies":[{"embeddable":true,"href":"https:\/\/www.maderasmenur.com\/it\/wp-json\/wp\/v2\/comments?post=7719"}],"version-history":[{"count":0,"href":"https:\/\/www.maderasmenur.com\/it\/wp-json\/wp\/v2\/posts\/7719\/revisions"}],"wp:featuredmedia":[{"embeddable":true,"href":"https:\/\/www.maderasmenur.com\/it\/wp-json\/wp\/v2\/media\/7720"}],"wp:attachment":[{"href":"https:\/\/www.maderasmenur.com\/it\/wp-json\/wp\/v2\/media?parent=7719"}],"wp:term":[{"taxonomy":"category","embeddable":true,"href":"https:\/\/www.maderasmenur.com\/it\/wp-json\/wp\/v2\/categories?post=7719"},{"taxonomy":"post_tag","embeddable":true,"href":"https:\/\/www.maderasmenur.com\/it\/wp-json\/wp\/v2\/tags?post=7719"}],"curies":[{"name":"wp","href":"https:\/\/api.w.org\/{rel}","templated":true}]}}