{"id":7736,"date":"2019-01-21T14:04:35","date_gmt":"2019-01-21T13:04:35","guid":{"rendered":"https:\/\/www.maderasmenur.com\/?p=7736"},"modified":"2019-12-05T17:48:06","modified_gmt":"2019-12-05T16:48:06","slug":"el-mayor-edificio-con-estructura-de-madera-de-espana-estara-en-glories","status":"publish","type":"post","link":"https:\/\/www.maderasmenur.com\/it\/el-mayor-edificio-con-estructura-de-madera-de-espana-estara-en-glories\/","title":{"rendered":"El mayor edificio con estructura de madera de Espa\u00f1a estar\u00e1 en Gl\u00f2ries"},"content":{"rendered":"\n<style type=\"text\/css\" data-created_by=\"avia_inline_auto\" id=\"style-css-av-k3sybi2r-49dc219ce6a356688fc21315495ab6a5\">\n#top .av-special-heading.av-k3sybi2r-49dc219ce6a356688fc21315495ab6a5{\npadding-bottom:10px;\n}\nbody .av-special-heading.av-k3sybi2r-49dc219ce6a356688fc21315495ab6a5 .av-special-heading-tag .heading-char{\nfont-size:25px;\n}\n.av-special-heading.av-k3sybi2r-49dc219ce6a356688fc21315495ab6a5 .av-subheading{\nfont-size:15px;\n}\n<\/style>\n<div  class='av-special-heading av-k3sybi2r-49dc219ce6a356688fc21315495ab6a5 av-special-heading-h1 blockquote modern-quote modern-centered  avia-builder-el-0  el_before_av_textblock  avia-builder-el-first '><h1 class='av-special-heading-tag '  itemprop=\"headline\"  >El mayor edificio con estructura de madera de Espa\u00f1a estar\u00e1 en Gl\u00f2ries<\/h1><div class=\"special-heading-border\"><div class=\"special-heading-inner-border\"><\/div><\/div><\/div>\n<section  class='av_textblock_section av-jr6c4tw7-441f363ab6a5e600a837c6baa9f07ec9 '   itemscope=\"itemscope\" itemtype=\"https:\/\/schema.org\/BlogPosting\" itemprop=\"blogPost\" ><div class='avia_textblock'  itemprop=\"text\" ><div class=\"content-structure\">\n<div class=\"story-leaf-txt-p\" data-gtm-element-container=\"modulo-texto-link\">\n<p>El equipo de arquitectas Cierto Estudio ha proyectado para la manzana de la plaza de las Gl\u00f2ries de Barcelona el mayor edificio con estructura de madera de Espa\u00f1a, un edificio de planta baja m\u00e1s 7 plantas que acoger\u00e1 decenas de viviendas sociales.<\/p>\n<p>El motivo de esta ins\u00f3lita opci\u00f3n es que estas siete j\u00f3venes arquitectas quieren construir un edificio en el que la distribuci\u00f3n de las viviendas sea flexible y en el que el espacio destinado obligatoriamente ahora a aparcamiento pueda destinarse a otros usos en a\u00f1os venideros, cuando est\u00e1n convencidas de que no ser\u00e1 necesario y de paso reducir el impacto medioambiental,ya que con una estructura de madera las emisiones de CO2 se reducen a la mitad.<\/p>\n<p>El objetivo es crear un edificio &#8220;con mirada de futuro, que se pueda repensar y en el que todo sea vers\u00e1til para que pueda adaptarse al ciclo de vida de la ciudad y del usuario&#8221;, ha explicado a Efe Anna Llonch, que junto a Marta Armengol, Marta Benedicto, Ivet Gasol, Carlota de Gispert, Luc\u00eda Millet y Clara Vidal fund\u00f3 Cierto Estudio en 2014.<\/p>\n<p>La propuesta se llama <i>La Comunidad Habitacional <\/i>y con ella, en marzo pasado y junto con su socio Franc Llonch, este estudio de arquitectura &#8216;al femenino&#8217; gan\u00f3 el concurso internacional de la manzana de las Gl\u00f2ries convocado por el Ayuntamiento de Barcelona para construir en ella casi 300 viviendas sociales.<\/p>\n<\/div>\n<\/div>\n<\/div><\/section>\n\n<style type=\"text\/css\" data-created_by=\"avia_inline_auto\" id=\"style-css-av-jr6c5q6u-7acd26d9dfbb10343d530ad6fc2ac843\">\n.avia-image-container.av-jr6c5q6u-7acd26d9dfbb10343d530ad6fc2ac843 img.avia_image{\nbox-shadow:none;\n}\n.avia-image-container.av-jr6c5q6u-7acd26d9dfbb10343d530ad6fc2ac843 .av-image-caption-overlay-center{\ncolor:#ffffff;\n}\n<\/style>\n<div  class='avia-image-container av-jr6c5q6u-7acd26d9dfbb10343d530ad6fc2ac843 av-styling- avia-align-center  avia-builder-el-2  el_after_av_textblock  el_before_av_textblock '   itemprop=\"image\" itemscope=\"itemscope\" itemtype=\"https:\/\/schema.org\/ImageObject\" ><div class=\"avia-image-container-inner\"><div class=\"avia-image-overlay-wrap\"><img decoding=\"async\" fetchpriority=\"high\" class='wp-image-7737 avia-img-lazy-loading-not-7737 avia_image ' src=\"https:\/\/www.maderasmenur.com\/wp-content\/uploads\/arq.jpg\" alt='' title='arq'  height=\"437\" width=\"656\"  itemprop=\"thumbnailUrl\" srcset=\"https:\/\/www.maderasmenur.com\/wp-content\/uploads\/arq.jpg 656w, https:\/\/www.maderasmenur.com\/wp-content\/uploads\/arq-300x200.jpg 300w, https:\/\/www.maderasmenur.com\/wp-content\/uploads\/arq-450x300.jpg 450w\" sizes=\"(max-width: 656px) 100vw, 656px\" \/><\/div><\/div><\/div>\n<section  class='av_textblock_section av-jr6c6i4o-5268078687bc1c948f4ccef6c455fc73 '   itemscope=\"itemscope\" itemtype=\"https:\/\/schema.org\/BlogPosting\" itemprop=\"blogPost\" ><div class='avia_textblock'  itemprop=\"text\" ><p>La victoria ha hecho que, con la perspectiva de que la construcci\u00f3n empiece a finales de 2018, Cierto Estudio ya est\u00e9 dise\u00f1ando el Plan Especial de Mejora Urbana (PEMU) de la manzana, un solar con una capacidad de techo edificable de 30.000 m<sup>2<\/sup>. Tambi\u00e9n que haga realidad parte de su proyecto de viviendas sociales en una de las cuatro parcelas resultantes, concretamente el bloque A, que tendr\u00e1 <b>f<\/b>achada a la calle Castillejos.<\/p>\n<p>Los otros tres equipos que quedaron por detr\u00e1s de Cierto Estudio en el concurso proyectar\u00e1n un edificio cada uno en cada una de las parcelas restantes, adaptando sus propuestas al PEMU de Cierto Estudio.<\/p>\n<\/div><\/section>\n\n<style type=\"text\/css\" data-created_by=\"avia_inline_auto\" id=\"style-css-av-jr6c7doc-b3a63efa4f43d0f69f6836be3d2b5de3\">\n.avia-image-container.av-jr6c7doc-b3a63efa4f43d0f69f6836be3d2b5de3 img.avia_image{\nbox-shadow:none;\n}\n.avia-image-container.av-jr6c7doc-b3a63efa4f43d0f69f6836be3d2b5de3 .av-image-caption-overlay-center{\ncolor:#ffffff;\n}\n<\/style>\n<div  class='avia-image-container av-jr6c7doc-b3a63efa4f43d0f69f6836be3d2b5de3 av-styling- avia-align-center  avia-builder-el-4  el_after_av_textblock  el_before_av_heading '   itemprop=\"image\" itemscope=\"itemscope\" itemtype=\"https:\/\/schema.org\/ImageObject\" ><div class=\"avia-image-container-inner\"><div class=\"avia-image-overlay-wrap\"><img decoding=\"async\" fetchpriority=\"high\" class='wp-image-7740 avia-img-lazy-loading-not-7740 avia_image ' src=\"https:\/\/www.maderasmenur.com\/wp-content\/uploads\/arq-2.jpg\" alt='' title='arq 2'  height=\"557\" width=\"992\"  itemprop=\"thumbnailUrl\" srcset=\"https:\/\/www.maderasmenur.com\/wp-content\/uploads\/arq-2.jpg 992w, https:\/\/www.maderasmenur.com\/wp-content\/uploads\/arq-2-300x168.jpg 300w, https:\/\/www.maderasmenur.com\/wp-content\/uploads\/arq-2-768x431.jpg 768w, https:\/\/www.maderasmenur.com\/wp-content\/uploads\/arq-2-705x396.jpg 705w, https:\/\/www.maderasmenur.com\/wp-content\/uploads\/arq-2-450x253.jpg 450w\" sizes=\"(max-width: 992px) 100vw, 992px\" \/><\/div><\/div><\/div>\n\n<style type=\"text\/css\" data-created_by=\"avia_inline_auto\" id=\"style-css-av-k3syc5k6-f45bd1eeba8147c59989f0f442a913ef\">\n#top .av-special-heading.av-k3syc5k6-f45bd1eeba8147c59989f0f442a913ef{\npadding-bottom:10px;\n}\nbody .av-special-heading.av-k3syc5k6-f45bd1eeba8147c59989f0f442a913ef .av-special-heading-tag .heading-char{\nfont-size:25px;\n}\n.av-special-heading.av-k3syc5k6-f45bd1eeba8147c59989f0f442a913ef .av-subheading{\nfont-size:15px;\n}\n<\/style>\n<div  class='av-special-heading av-k3syc5k6-f45bd1eeba8147c59989f0f442a913ef av-special-heading-h2 blockquote modern-quote modern-centered  avia-builder-el-5  el_after_av_image  el_before_av_textblock '><h2 class='av-special-heading-tag '  itemprop=\"headline\"  >Pisos que pueden crecer y decrecer<\/h2><div class=\"special-heading-border\"><div class=\"special-heading-inner-border\"><\/div><\/div><\/div>\n<section  class='av_textblock_section av-jr6cb5w9-bdeccaf079380747bdc0c3c05d559214 '   itemscope=\"itemscope\" itemtype=\"https:\/\/schema.org\/BlogPosting\" itemprop=\"blogPost\" ><div class='avia_textblock'  itemprop=\"text\" ><p><i>La Comunidad Habitacional <\/i>propone dos vol\u00famenes compactos unidos por un z\u00f3calo com\u00fan que dan continuidad a la trama urbana, abriendo paso a un recorrido peatonal que nace en la Diagonal y desemboca en el acceso principal del Mercat dels Encants. El proyecto apuesta por la vivienda colectiva y por eso se accede a ella a trav\u00e9s de la pasarela, un espacio exterior que es el lugar de encuentro entre los vecinos y relaciona las viviendas con los otros espacios comunes intermedios, un proceso de acceso que se traducir\u00e1 en &#8220;toda una manera de vivir&#8221;, seg\u00fan Clara Vidal.<\/p>\n<p>En el edificio &#8220;A&#8221;, el que har\u00e1 realidad los sue\u00f1os de las arquitectas de Cierto Estudio, la planta es &#8220;superinnovadora porque no tiene jerarqu\u00eda, la distribuci\u00f3n de la vivienda es totalmente libre y adem\u00e1s, pueden crecer y decrecer&#8221; a costa de las viviendas de al lado gracias a la construcci\u00f3n industrial en seco, seg\u00fan ha explicado Anna Llonch. La joven arquitecta ha reconocido que le hace mucha ilusi\u00f3n ver construido su proyecto y en especial el &#8220;experimento de suma de habitaciones&#8221;, a su juicio lo m\u00e1s potente del proyecto.<\/p>\n<p>En cambio, Carlota de Gispert pone \u00e9nfasis en el peso que ha tenido la estrategia medioambiental y de movilidad del proyecto en que ganase el concurso, y apunta entre los motivos su propuesta para dar un futuro uso a los aparcamientos, que ahora obliga a construir la normativa en los edificios de viviendas. &#8220;En el futuro el papel del autom\u00f3vil es discutible, morir\u00e1n los aparcamientos&#8221;, ha vaticinado la joven arquitecta.<\/p>\n<p>En este sentido, ha explicado que para &#8220;no condenar a los aparcamientos a ser siempre aparcamientos&#8221; Cierto Estudio tom\u00f3 otra de las &#8220;decisiones fuertes&#8221;: que el edificio tuviera una estructura de madera en vez de tener la planta baja y el subterr\u00e1neo hechas de hormig\u00f3n, como es habitual en Espa\u00f1a para evitar humedades.<\/p>\n<p>&#8220;Dijimos: hagamos unas grandes losas en las que se apoye una estructura de madera mucho m\u00e1s ligera y doblemos las luces [las distancias entre pilares] para que en un futuro donde hay un aparcamiento pueda haber un gimnasio o una biblioteca&#8221;, explica De Gispert, que subraya la responsabilidad de construir edificios que perduren muchos a\u00f1os.<\/p>\n<p>No tendr\u00e1 la planta baja y el subterr\u00e1neo de hormig\u00f3n sino de madera ligera apoyada en la losa de cimientos<\/p>\n<\/div><\/section>\n<section  class='av_textblock_section av-jr6cedg4-9cea5b110d8059bc9d5a3a1051760de2 '   itemscope=\"itemscope\" itemtype=\"https:\/\/schema.org\/BlogPosting\" itemprop=\"blogPost\" ><div class='avia_textblock'  itemprop=\"text\" ><p>IMAGENES: La vanguardia<\/p>\n<p>LINK:\u00a0<a href=\"https:\/\/www.lavanguardia.com\/local\/barcelona\/20170828\/43885211557\/mayor-edificio-estructura-de-madera-espana-plaza-glories.html\" rel=\"nofollow\">https:\/\/www.lavanguardia.com\/local\/barcelona\/20170828\/43885211557\/mayor-edificio-estructura-de-madera-espana-plaza-glories.html<\/a><\/p>\n<\/div><\/section>\n","protected":false},"excerpt":{"rendered":"","protected":false},"author":1001087,"featured_media":7740,"comment_status":"closed","ping_status":"closed","sticky":false,"template":"","format":"standard","meta":{"footnotes":""},"categories":[99],"tags":[],"class_list":["post-7736","post","type-post","status-publish","format-standard","has-post-thumbnail","hentry","category-construcciones-en-madera"],"_links":{"self":[{"href":"https:\/\/www.maderasmenur.com\/it\/wp-json\/wp\/v2\/posts\/7736","targetHints":{"allow":["GET"]}}],"collection":[{"href":"https:\/\/www.maderasmenur.com\/it\/wp-json\/wp\/v2\/posts"}],"about":[{"href":"https:\/\/www.maderasmenur.com\/it\/wp-json\/wp\/v2\/types\/post"}],"author":[{"embeddable":true,"href":"https:\/\/www.maderasmenur.com\/it\/wp-json\/wp\/v2\/users\/1001087"}],"replies":[{"embeddable":true,"href":"https:\/\/www.maderasmenur.com\/it\/wp-json\/wp\/v2\/comments?post=7736"}],"version-history":[{"count":0,"href":"https:\/\/www.maderasmenur.com\/it\/wp-json\/wp\/v2\/posts\/7736\/revisions"}],"wp:featuredmedia":[{"embeddable":true,"href":"https:\/\/www.maderasmenur.com\/it\/wp-json\/wp\/v2\/media\/7740"}],"wp:attachment":[{"href":"https:\/\/www.maderasmenur.com\/it\/wp-json\/wp\/v2\/media?parent=7736"}],"wp:term":[{"taxonomy":"category","embeddable":true,"href":"https:\/\/www.maderasmenur.com\/it\/wp-json\/wp\/v2\/categories?post=7736"},{"taxonomy":"post_tag","embeddable":true,"href":"https:\/\/www.maderasmenur.com\/it\/wp-json\/wp\/v2\/tags?post=7736"}],"curies":[{"name":"wp","href":"https:\/\/api.w.org\/{rel}","templated":true}]}}