{"id":8671,"date":"2019-03-07T10:08:59","date_gmt":"2019-03-07T09:08:59","guid":{"rendered":"https:\/\/www.maderasmenur.com\/?p=8671"},"modified":"2019-12-05T15:14:27","modified_gmt":"2019-12-05T14:14:27","slug":"8671","status":"publish","type":"post","link":"https:\/\/www.maderasmenur.com\/it\/8671\/","title":{"rendered":"Spit Paslode Iberia celebra su primer &#8220;Kick Off&#8221; en Madrid"},"content":{"rendered":"\n<style type=\"text\/css\" data-created_by=\"avia_inline_auto\" id=\"style-css-av-k3ssvr2y-6f4766eb4ddf556a930ceb921f952616\">\n#top .av-special-heading.av-k3ssvr2y-6f4766eb4ddf556a930ceb921f952616{\npadding-bottom:10px;\nfont-size:3vw;\n}\nbody .av-special-heading.av-k3ssvr2y-6f4766eb4ddf556a930ceb921f952616 .av-special-heading-tag .heading-char{\nfont-size:25px;\n}\n#top #wrap_all .av-special-heading.av-k3ssvr2y-6f4766eb4ddf556a930ceb921f952616 .av-special-heading-tag{\nfont-size:3vw;\n}\n.av-special-heading.av-k3ssvr2y-6f4766eb4ddf556a930ceb921f952616 .av-subheading{\nfont-size:15px;\n}\n\n@media only screen and (min-width: 480px) and (max-width: 767px){ \n#top #wrap_all .av-special-heading.av-k3ssvr2y-6f4766eb4ddf556a930ceb921f952616 .av-special-heading-tag{\nfont-size:0.8em;\n}\n}\n\n@media only screen and (max-width: 479px){ \n#top #wrap_all .av-special-heading.av-k3ssvr2y-6f4766eb4ddf556a930ceb921f952616 .av-special-heading-tag{\nfont-size:0.8em;\n}\n}\n<\/style>\n<div  class='av-special-heading av-k3ssvr2y-6f4766eb4ddf556a930ceb921f952616 av-special-heading-h1 blockquote modern-quote modern-centered  avia-builder-el-0  el_before_av_textblock  avia-builder-el-first  av-inherit-size'><h1 class='av-special-heading-tag '  itemprop=\"headline\"  >Spit Paslode Iberia celebra su primer <span class='special_amp'>&#8220;<\/span>Kick Off<span class='special_amp'>&#8221;<\/span> en Madrid<\/h1><div class=\"special-heading-border\"><div class=\"special-heading-inner-border\"><\/div><\/div><\/div>\n<section  class='av_textblock_section av-jsyelhvv-fb66beb7b4efcc0d8a5447781a3aebee '   itemscope=\"itemscope\" itemtype=\"https:\/\/schema.org\/BlogPosting\" itemprop=\"blogPost\" ><div class='avia_textblock'  itemprop=\"text\" ><p>El pasado mi\u00e9rcoles 27 de febrero Spit Paslode Iberia celebr\u00f3 en el Colegio Oficial de Arquitectos de Madrid- COAM el primer \u2018Kick Off\u2019, coincidiendo con el 20\u00ba aniversario de la reapertura de la sede de Spit en Espa\u00f1a. Casi un centenar de personas acudieron al evento, el cual estaba abierto a los distribuidores de toda Espa\u00f1a, los importadores gestionados por la unidad y a los usuarios y aplicadores, miembros de las asociaciones y entidades con las que colabora la unidad Spit Paslode Iberia.<\/p>\n<div id=\"part1885780\" class=\"P2\">\n<p>El programa de la jornada incluy\u00f3 la intervenci\u00f3n de Manuel Gonz\u00e1lez, Business Development manager, que dio la bienvenida a los asistentes. Tras \u00e9l, Sergi Alzuria, director comercial y Marketing, present\u00f3 los principales datos de ITW , de la divisi\u00f3n de construcci\u00f3n de ITW y de Spit Paslode Iberia, as\u00ed como de las novedades en servicios. Por su parte, Javier Turrillo, director t\u00e9cnico, present\u00f3 la nueva era digital de Spit Paslode, con distintas herramientas y software. Tras el coffee break, Manuel Gonz\u00e1lez present\u00f3 las principales novedades de producto y de los principales mercados y oficios en los que se centrar\u00e1 la empresa. Tras las ponencias, se celebraron talleres de demostraci\u00f3n de las novedades.<\/p>\n<\/div>\n<\/div><\/section>\n\n<style type=\"text\/css\" data-created_by=\"avia_inline_auto\" id=\"style-css-av-jsyen7wj-b54861fe99980ad77eb2c827715c9836\">\n.avia-image-container.av-jsyen7wj-b54861fe99980ad77eb2c827715c9836 img.avia_image{\nbox-shadow:none;\n}\n.avia-image-container.av-jsyen7wj-b54861fe99980ad77eb2c827715c9836 .av-image-caption-overlay-center{\ncolor:#ffffff;\n}\n<\/style>\n<div  class='avia-image-container av-jsyen7wj-b54861fe99980ad77eb2c827715c9836 av-styling- avia-align-center  avia-builder-el-2  el_after_av_textblock  el_before_av_textblock '   itemprop=\"image\" itemscope=\"itemscope\" itemtype=\"https:\/\/schema.org\/ImageObject\" ><div class=\"avia-image-container-inner\"><div class=\"avia-image-overlay-wrap\"><img decoding=\"async\" fetchpriority=\"high\" class='wp-image-8672 avia-img-lazy-loading-not-8672 avia_image ' src=\"https:\/\/www.maderasmenur.com\/wp-content\/uploads\/1886014.jpeg\" alt='' title='1886014'  height=\"560\" width=\"980\"  itemprop=\"thumbnailUrl\" srcset=\"https:\/\/www.maderasmenur.com\/wp-content\/uploads\/1886014.jpeg 980w, https:\/\/www.maderasmenur.com\/wp-content\/uploads\/1886014-300x171.jpeg 300w, https:\/\/www.maderasmenur.com\/wp-content\/uploads\/1886014-768x439.jpeg 768w, https:\/\/www.maderasmenur.com\/wp-content\/uploads\/1886014-705x403.jpeg 705w, https:\/\/www.maderasmenur.com\/wp-content\/uploads\/1886014-450x257.jpeg 450w\" sizes=\"(max-width: 980px) 100vw, 980px\" \/><\/div><\/div><\/div>\n<section  class='av_textblock_section av-jsyep5up-b831de7fe3f8f5575c6fd9da8aa8a624 '   itemscope=\"itemscope\" itemtype=\"https:\/\/schema.org\/BlogPosting\" itemprop=\"blogPost\" ><div class='avia_textblock'  itemprop=\"text\" ><p>En lo que a servicios se refiere, las principales novedades que present\u00f3 la empresa fueron, entre otras, su nueva pol\u00edtica comercial para 2019, en la que se mantendr\u00e1 la venta exclusiva a distribuci\u00f3n profesional y se a\u00f1ade la no venta en canales digitales de forma directa, ayudando as\u00ed a los distribuidores a que sean \u00e9stos los que hagan la venta en canales digitales. Se apuesta por los clientes del 80 y por los que defiendan la marca, tratando de forma distinta los clientes del 20, aplicando la cultura ITW basada en el principio 80\/20.<\/p>\n<p>Tambi\u00e9n se indic\u00f3 cu\u00e1les son los clientes objetivo para los pr\u00f3ximos a\u00f1os, as\u00ed como qu\u00e9 clientes y mercados se descartan. Se mostr\u00f3 el calendario de campa\u00f1as y acciones comerciales 2019, as\u00ed como el nuevo programa de formaci\u00f3n. Los profesionales de Spit Paslode indicaron adem\u00e1s que existe un plan de visitas a sus 5 f\u00e1bricas de Francia, con distribuidores y usuarios pertenecientes a asociaciones con las que colaboran. Tras los primeros 3 a\u00f1os, m\u00e1s de 100 personas ya las han visitado.<\/p>\n<p>Otros servicios que se mostraron fueron la nueva garant\u00eda para productos Spit y Paslode (a partir del segundo trimestre de 2019); el nuevo servicio de alquiler Spit Rent (a partir del segundo trimestre de 2019); la extensi\u00f3n del proyecto Paslode Center; la nueva campa\u00f1a promocional, anuncios, redes sociales y medios; ferias y congresos en las que participan durante el a\u00f1o; y la puesta en marcha de un WhatsApp para consultas de usuarios (abril 2019).<\/p>\n<p>Por lo que se refiere a la nueva era digital, la empresa present\u00f3 un nuevo portal distribuidor en la web \u2014ya disponible para los distribuidores\u2014, con acceso al hist\u00f3rico de pedidos y reparaciones, consulta de las entregas y de las reparaciones del SAT en tiempo real. Tambi\u00e9n se present\u00f3 un programa de c\u00e1lculo de fijaciones i-Expert, ya disponible, y que en junio tendr\u00e1 una nueva versi\u00f3n m\u00e1s potente. Otras herramientas digitales expuestas fueron la Biblioteca i-BIM (ya disponible) con casi 300 productos disponibles, entre fijaciones mec\u00e1nicas, qu\u00edmicas y clavado o la App para c\u00e1lculo de volumen de qu\u00edmicos i-CALC, disponible para Android e IOS.<\/p>\n<\/div><\/section>\n\n<style type=\"text\/css\" data-created_by=\"avia_inline_auto\" id=\"style-css-av-jsyepunr-a65645628df801ff6c1f2c93cc755581\">\n.avia-image-container.av-jsyepunr-a65645628df801ff6c1f2c93cc755581 img.avia_image{\nbox-shadow:none;\n}\n.avia-image-container.av-jsyepunr-a65645628df801ff6c1f2c93cc755581 .av-image-caption-overlay-center{\ncolor:#ffffff;\n}\n<\/style>\n<div  class='avia-image-container av-jsyepunr-a65645628df801ff6c1f2c93cc755581 av-styling- avia-align-center  avia-builder-el-4  el_after_av_textblock  el_before_av_textblock '   itemprop=\"image\" itemscope=\"itemscope\" itemtype=\"https:\/\/schema.org\/ImageObject\" ><div class=\"avia-image-container-inner\"><div class=\"avia-image-overlay-wrap\"><img decoding=\"async\" fetchpriority=\"high\" class='wp-image-8675 avia-img-lazy-loading-not-8675 avia_image ' src=\"https:\/\/www.maderasmenur.com\/wp-content\/uploads\/1886016.jpeg\" alt='' title='1886016'  height=\"560\" width=\"980\"  itemprop=\"thumbnailUrl\" srcset=\"https:\/\/www.maderasmenur.com\/wp-content\/uploads\/1886016.jpeg 980w, https:\/\/www.maderasmenur.com\/wp-content\/uploads\/1886016-300x171.jpeg 300w, https:\/\/www.maderasmenur.com\/wp-content\/uploads\/1886016-768x439.jpeg 768w, https:\/\/www.maderasmenur.com\/wp-content\/uploads\/1886016-705x403.jpeg 705w, https:\/\/www.maderasmenur.com\/wp-content\/uploads\/1886016-450x257.jpeg 450w\" sizes=\"(max-width: 980px) 100vw, 980px\" \/><\/div><\/div><\/div>\n<section  class='av_textblock_section av-jsyeq873-71b4d60d83e46f7c6824162f776575b0 '   itemscope=\"itemscope\" itemtype=\"https:\/\/schema.org\/BlogPosting\" itemprop=\"blogPost\" ><div class='avia_textblock'  itemprop=\"text\" ><p>Finalmente, se presentaron novedades de producto, los cuales se pudieron probar en los talleres dirigidos por los delegados comerciales de la empresa:<\/p>\n<ul>\n<li>Spitbull: primer sistema de fijaci\u00f3n a bater\u00eda de 36V. Realiza la perforaci\u00f3n y mediante una serie de accesorios que se colocan sobre la broca, sin tener que quitarla y seg\u00fan el tipo de fijaci\u00f3n, se selecciona la posici\u00f3n en el interruptor con el par de apriete adecuado, realizando la fijaci\u00f3n.<\/li>\n<li>EasyMix: primera fijaci\u00f3n h\u00edbrida del mercado, mec\u00e1nico qu\u00edmico, ideal para fijar sobre cualquier material, hueco o macizo, sin desechos, sin \u00fatiles de inyecci\u00f3n, con total seguridad, de forma r\u00e1pida.<\/li>\n<li>Clavadora IM45GN: clavadora aut\u00f3noma a gas y bater\u00eda de litio, plataforma con todas las clavadoras Paslode Impulse, con tabor de 125 clavos, para m\u00faltiples aplicaciones, como cubiertas de zinc, embalar, fijaci\u00f3n de recubrimientos de fibro cemento, placas de yeso sobre madera, etc.<\/li>\n<li>Viper Xtrem: el anclaje de altas prestaciones, en versiones de cartucho 280 y 410 ml, con triple certificaci\u00f3n y certificaci\u00f3n\u00a0 s\u00edsmica C1 y C2.<\/li>\n<li>TapCon: la gama de tornillos autorroscante para hormig\u00f3n, as\u00ed como tornillos para marcos y premarcos, y gama para hormig\u00f3n celular.<\/li>\n<li>P-Screw: gama de tornillos para placas de fibro cementor, placas duras y madera, en versiones de tornillo suelto y en cinta para atornilladores con adaptado.<\/li>\n<li>Nueva gama de fijaciones para aislamiento Spit by Bravoll, nacidas de la fusi\u00f3n de ambas empresas de ITW.<\/li>\n<li>Nuevos elementos para libre servicio que complementan los nuevos embalajes de las fijaciones Spit, Dealer Offer Concept DOC.<\/li>\n<\/ul>\n<\/div><\/section>\n<section  class='av_textblock_section av-jsyesgb8-9d11f5dfd6b63567153e356d9be55f69 '   itemscope=\"itemscope\" itemtype=\"https:\/\/schema.org\/BlogPosting\" itemprop=\"blogPost\" ><div class='avia_textblock'  itemprop=\"text\" ><p>IMAGENES: Interempresas.net<\/p>\n<p>LINK: www.interempresas.net\/Madera\/Articulos\/239453-Spit-Paslode-Iberia-celebra-su-primer-Kick-Off-en-Madrid.html<\/p>\n<\/div><\/section>\n","protected":false},"excerpt":{"rendered":"","protected":false},"author":1001087,"featured_media":8672,"comment_status":"closed","ping_status":"closed","sticky":false,"template":"","format":"standard","meta":{"footnotes":""},"categories":[19],"tags":[],"class_list":["post-8671","post","type-post","status-publish","format-standard","has-post-thumbnail","hentry","category-noticias"],"_links":{"self":[{"href":"https:\/\/www.maderasmenur.com\/it\/wp-json\/wp\/v2\/posts\/8671","targetHints":{"allow":["GET"]}}],"collection":[{"href":"https:\/\/www.maderasmenur.com\/it\/wp-json\/wp\/v2\/posts"}],"about":[{"href":"https:\/\/www.maderasmenur.com\/it\/wp-json\/wp\/v2\/types\/post"}],"author":[{"embeddable":true,"href":"https:\/\/www.maderasmenur.com\/it\/wp-json\/wp\/v2\/users\/1001087"}],"replies":[{"embeddable":true,"href":"https:\/\/www.maderasmenur.com\/it\/wp-json\/wp\/v2\/comments?post=8671"}],"version-history":[{"count":0,"href":"https:\/\/www.maderasmenur.com\/it\/wp-json\/wp\/v2\/posts\/8671\/revisions"}],"wp:featuredmedia":[{"embeddable":true,"href":"https:\/\/www.maderasmenur.com\/it\/wp-json\/wp\/v2\/media\/8672"}],"wp:attachment":[{"href":"https:\/\/www.maderasmenur.com\/it\/wp-json\/wp\/v2\/media?parent=8671"}],"wp:term":[{"taxonomy":"category","embeddable":true,"href":"https:\/\/www.maderasmenur.com\/it\/wp-json\/wp\/v2\/categories?post=8671"},{"taxonomy":"post_tag","embeddable":true,"href":"https:\/\/www.maderasmenur.com\/it\/wp-json\/wp\/v2\/tags?post=8671"}],"curies":[{"name":"wp","href":"https:\/\/api.w.org\/{rel}","templated":true}]}}