{"id":8717,"date":"2019-03-25T13:48:55","date_gmt":"2019-03-25T12:48:55","guid":{"rendered":"https:\/\/www.maderasmenur.com\/?p=8717"},"modified":"2020-09-05T13:10:46","modified_gmt":"2020-09-05T11:10:46","slug":"el-mundo-se-rinde-a-los-rascacielos-de-madera","status":"publish","type":"post","link":"https:\/\/www.maderasmenur.com\/it\/el-mundo-se-rinde-a-los-rascacielos-de-madera\/","title":{"rendered":"Rascacielos de madera: el mundo a sus pi\u00e9s"},"content":{"rendered":"\n<style type=\"text\/css\" data-created_by=\"avia_inline_auto\" id=\"style-css-av-kepkaodt-0efbb82e9cc739fac4e36b786d41eb7f\">\n#top .av-special-heading.av-kepkaodt-0efbb82e9cc739fac4e36b786d41eb7f{\npadding-bottom:10px;\nfont-size:3.5vw;\n}\nbody .av-special-heading.av-kepkaodt-0efbb82e9cc739fac4e36b786d41eb7f .av-special-heading-tag .heading-char{\nfont-size:25px;\n}\n#top #wrap_all .av-special-heading.av-kepkaodt-0efbb82e9cc739fac4e36b786d41eb7f .av-special-heading-tag{\nfont-size:3.5vw;\n}\n.av-special-heading.av-kepkaodt-0efbb82e9cc739fac4e36b786d41eb7f .av-subheading{\nfont-size:15px;\n}\n\n@media only screen and (min-width: 480px) and (max-width: 767px){ \n#top #wrap_all .av-special-heading.av-kepkaodt-0efbb82e9cc739fac4e36b786d41eb7f .av-special-heading-tag{\nfont-size:0.8em;\n}\n}\n\n@media only screen and (max-width: 479px){ \n#top #wrap_all .av-special-heading.av-kepkaodt-0efbb82e9cc739fac4e36b786d41eb7f .av-special-heading-tag{\nfont-size:0.8em;\n}\n}\n<\/style>\n<div  class='av-special-heading av-kepkaodt-0efbb82e9cc739fac4e36b786d41eb7f av-special-heading-h1 blockquote modern-quote modern-centered  avia-builder-el-0  el_before_av_textblock  avia-builder-el-first  av-inherit-size'><h1 class='av-special-heading-tag '  itemprop=\"headline\"  >Rascacielos de madera&#8230; \u00a1El mundo a sus pi\u00e9s!<\/h1><div class=\"special-heading-border\"><div class=\"special-heading-inner-border\"><\/div><\/div><\/div>\n<section  class='av_textblock_section av-jtoci9pl-05aee49e606ef6ef8402e4d13e08e74e '   itemscope=\"itemscope\" itemtype=\"https:\/\/schema.org\/BlogPosting\" itemprop=\"blogPost\" ><div class='avia_textblock'  itemprop=\"text\" ><p>El mundo disputa una carrera por construir el edificio de madera m\u00e1s alto. Estos rascacielos de madera, sin hormig\u00f3n ni acero, buscan despertar conciencias. Y, sobre todo, ser pioneros en desdibujar los l\u00edmites de la madera como material de construcci\u00f3n. Noruega es uno de los pa\u00edses que m\u00e1s lejos y m\u00e1s alto han llevado esta encomienda. La ciudad de Brumunddal, a 150 kil\u00f3metros de Oslo, alberga el rascacielos de madera m\u00e1s alto del mundo. <a href=\"https:\/\/www.moelven.com\/mjostarnet\/\">Mj\u00f8st\u00e5rnet, que comenz\u00f3 a construirse en abril de 2017<\/a> y fue inaugurado la semana pasada, es un edificio de 85,4 metros de altura que evidencia que es posible construir a lo alto con materiales sostenibles. El inversor noruego Arthur Buchardt es el promotor de este ambicioso s\u00edmbolo verde. Tiene 18 pisos y alberga un hotel, apartamentos, oficinas, un restaurante y \u00e1reas comunes.<\/p>\n<p>Hay muchas razones para recurrir a madera procedente de bosques sostenibles. \u201cEs un recurso renovable que puede reutilizarse y reciclarse y su uso contribuye a contrarrestar el efecto invernadero. Tambi\u00e9n contribuye a un clima interior saludable, regula la humedad y la temperatura, tiene buenas propiedades ac\u00fasticas y aislantes, y tambi\u00e9n puede ayudar a reducir el estr\u00e9s\u201d, indican en Moelven, la empresa responsable de la instalaci\u00f3n de la estructura de madera de Mj\u00f8st\u00e5rnet. Esta compa\u00f1\u00eda, con m\u00e1s de 120 a\u00f1os de vida, acaba de marcar su segundo r\u00e9cord mundial, puesto que el primero fue The Tree, que en diciembre de 2015 se convirti\u00f3 en el mayor rascacielos del mundo, con 14 niveles y 51 metros.<\/p>\n<p>Mj\u00f8st\u00e5rnet no ser\u00e1 el m\u00e1s alto por mucho tiempo. Demasiada competencia. De hecho, ya ha dejado peque\u00f1o al que hace unos d\u00edas era l\u00edder: Brock Commons, la residencia de estudiantes de la Universidad de Columbia Brit\u00e1nica en Vancouver (Canad\u00e1), de 18 pisos y 53 metros. Otras ciudades tratan ya de arrebatar el puesto a Noruega. Tokio proyecta el edificio W350, que tendr\u00e1 350 metros de altura y 70 pisos. En construcci\u00f3n est\u00e1 el inmueble HoHo, en Viena, con 24 plantas, y se perfila otro con 84 alturas en Chicago. Los avances tecnol\u00f3gicos hacen que hoy sea un material tan seguro como cualquier otro, pero mucho m\u00e1s limpio, para crecer en altura. \u201cVeremos en el futuro cu\u00e1l es el l\u00edmite de la madera en la construcci\u00f3n de rascacielos\u201d, apunta Jos\u00e9 Antonio Gonz\u00e1lez, fundador y consejero delegado de Arquima, especializada en construcci\u00f3n modular con entramado ligero de madera.<\/p>\n<p>Al margen de la altura, lo cierto es que el cambio clim\u00e1tico y los acuerdos internacionales sobre el clima est\u00e1n potenciando el uso de materiales respetuosos con el medio ambiente. Tambi\u00e9n, \u201cla mayor concienciaci\u00f3n medioambiental (la huella ecol\u00f3gica de la madera es mucho menor a otros materiales), la necesidad de ahorrar energ\u00eda y la mayor preocupaci\u00f3n por la salud en el interior de los edificios\u201d, indica Pere Linares, responsable de House Habitat, empresa especializada en construcci\u00f3n biopasiva. Y en ese viaje, la madera tiene un asiento preferente.<\/p>\n<p>\u201cTendr\u00e1 un papel muy importante en los pr\u00f3ximos a\u00f1os, cuando todos los edificios de obra nueva tengan que ser de consumo energ\u00e9tico casi nulo a partir de enero de 2021, y cuando se empiecen a fiscalizar las emisiones y los edificios de madera sean la alternativa para reducir la huella de carbono en la edificaci\u00f3n\u201d, dice Gonz\u00e1lez. Los pa\u00edses n\u00f3rdicos lideran el mercado, con el 98% de las viviendas realizadas con estructura de madera. En Alemania son cerca del 40% y en EE UU y Canad\u00e1 rondan el 80%. Espa\u00f1a est\u00e1 en el furg\u00f3n de cola, con una cuota del 2%. \u201cEstos datos, lejos de ser negativos, significan que est\u00e1 todo por hacer, que vamos a converger con Europa y que cada vez ser\u00e1 m\u00e1s habitual ver edificios de madera\u201d, argumenta Gonz\u00e1lez.<\/p>\n<p>En cuanto a la altura, aunque en Espa\u00f1a hay alg\u00fan proyecto en estudio que trata de escalar hasta las nueve plantas, de momento el m\u00e1s elevado tiene siete alturas, es del estudio de arquitectura \u00c1baton y est\u00e1 en Madrid. En Barcelona hay otro de la cooperativa La Borda de seis plantas, y House Habitat concluy\u00f3 otro de cinco en el distrito barcelon\u00e9s de Gr\u00e0cia\u2026 Aunque si hay un proyecto ambicioso es la promoci\u00f3n con 65 viviendas protegidas y cinco alturas en Hondarribia-Fuenterrab\u00eda, la m\u00e1s grande construida en madera en Espa\u00f1a y el suroeste europeo, que se finaliz\u00f3 el pasado a\u00f1o. En solo tres meses se ejecutaron los cerramientos, estructura y cubierta.<\/p>\n<\/div><\/section>\n\n<style type=\"text\/css\" data-created_by=\"avia_inline_auto\" id=\"style-css-av-jtocivk2-2705b851a005d0a9a33c1627239c09cc\">\n.avia-image-container.av-jtocivk2-2705b851a005d0a9a33c1627239c09cc img.avia_image{\nbox-shadow:none;\n}\n.avia-image-container.av-jtocivk2-2705b851a005d0a9a33c1627239c09cc .av-image-caption-overlay-center{\ncolor:#ffffff;\n}\n<\/style>\n<div  class='avia-image-container av-jtocivk2-2705b851a005d0a9a33c1627239c09cc av-styling- avia-align-center  avia-builder-el-2  el_after_av_textblock  el_before_av_textblock '   itemprop=\"image\" itemscope=\"itemscope\" itemtype=\"https:\/\/schema.org\/ImageObject\" ><div class=\"avia-image-container-inner\"><div class=\"avia-image-overlay-wrap\"><img decoding=\"async\" fetchpriority=\"high\" class='wp-image-8718 avia-img-lazy-loading-not-8718 avia_image ' src=\"https:\/\/www.maderasmenur.com\/wp-content\/uploads\/rasca-845x684.jpg\" alt='rascacielos de madera' title='rascacielos de madera'  height=\"684\" width=\"845\"  itemprop=\"thumbnailUrl\" srcset=\"https:\/\/www.maderasmenur.com\/wp-content\/uploads\/rasca-845x684.jpg 845w, https:\/\/www.maderasmenur.com\/wp-content\/uploads\/rasca-495x400.jpg 495w\" sizes=\"(max-width: 845px) 100vw, 845px\" \/><\/div><\/div><\/div>\n<section  class='av_textblock_section av-jtocjkkg-870fa444b285aed7358b1ad75f98f173 '   itemscope=\"itemscope\" itemtype=\"https:\/\/schema.org\/BlogPosting\" itemprop=\"blogPost\" ><div class='avia_textblock'  itemprop=\"text\" ><h3>Mucho m\u00e1s que casas<\/h3>\n<p>No se trata solo de construir casas de madera. \u201cEl principal valor a\u00f1adido es que hacemos edificios pasivos o de consumo energ\u00e9tico casi nulo, y la madera nos aporta una reducci\u00f3n importante de las emisiones de CO<sub>2<\/sub>, aparte de la facilidad de manipulaci\u00f3n y mecanizaci\u00f3n para poder industrializar en un grado muy alto, el menor peso, la construcci\u00f3n en seco, la ecolog\u00eda, la salud\u2026\u201d, se\u00f1alan desde Arquima. Requiere mucha menos energ\u00eda en el proceso de transformaci\u00f3n que el acero o el hormig\u00f3n. Por ejemplo, en el edificio de cinco plantas que House Habitat construy\u00f3 en el barrio de Gr\u00e0cia, las emisiones de CO<sub>2<\/sub> por la fabricaci\u00f3n de la estructura de madera fueron cinco veces m\u00e1s bajas que si se hubiera realizado en hormig\u00f3n, y ocho que en acero. La energ\u00eda para producir una viga de madera laminada es una sexta parte de la requerida para una de acero de resistencia comparable.<\/p>\n<p>Una vez construido el edificio, la madera contribuye al ahorro de energ\u00eda por sus cualidades como aislante t\u00e9rmico. Se considera que una pared de madera a\u00edsla 15 veces m\u00e1s que un muro de hormig\u00f3n, dice Pere Linares. Al final, se puede ahorrar hasta un 90% de energ\u00eda respecto a un edificio convencional.<\/p>\n<p>Ahora bien, muy al contrario de lo que puede parecer, el coste de construcci\u00f3n con madera es m\u00e1s caro que con hormig\u00f3n, pero los ahorros energ\u00e9ticos consiguen amortizar la inversi\u00f3n en un plazo de ocho a diez a\u00f1os. La industrializaci\u00f3n y el control de los procesos permiten hacer proyectos sin desviaciones de coste ni de plazo. Por ejemplo, el edificio de Mj\u00f8st\u00e5rnet fue un 2% m\u00e1s caro que si se hubiera hecho de hormig\u00f3n. \u201cPero existe una inversi\u00f3n que no se puede valorar y es invertir en la salud de los habitantes de este tipo de construcci\u00f3n, puesto que la madera no aporta elementos t\u00f3xicos a la construcci\u00f3n\u201d, zanjan en House Habitat, que participa en el proyecto europeo KnoWood, que fomenta el dise\u00f1o y la construcci\u00f3n de edificios sostenibles de madera de media y gran altura.<\/p>\n<\/div><\/section>\n<section  class='av_textblock_section av-jtocl04a-81e9eea0b9723189a19ea5579bac79dc '   itemscope=\"itemscope\" itemtype=\"https:\/\/schema.org\/BlogPosting\" itemprop=\"blogPost\" ><div class='avia_textblock'  itemprop=\"text\" ><p>IMAGEN: EL PA\u00cdS<\/p>\n<p>LINK: https:\/\/elpais.com\/economia\/2019\/03\/21\/actualidad\/1553167229_981390.html<\/p>\n<\/div><\/section>\n","protected":false},"excerpt":{"rendered":"","protected":false},"author":1001087,"featured_media":8718,"comment_status":"closed","ping_status":"closed","sticky":false,"template":"","format":"standard","meta":{"footnotes":""},"categories":[99],"tags":[],"class_list":["post-8717","post","type-post","status-publish","format-standard","has-post-thumbnail","hentry","category-construcciones-en-madera"],"_links":{"self":[{"href":"https:\/\/www.maderasmenur.com\/it\/wp-json\/wp\/v2\/posts\/8717","targetHints":{"allow":["GET"]}}],"collection":[{"href":"https:\/\/www.maderasmenur.com\/it\/wp-json\/wp\/v2\/posts"}],"about":[{"href":"https:\/\/www.maderasmenur.com\/it\/wp-json\/wp\/v2\/types\/post"}],"author":[{"embeddable":true,"href":"https:\/\/www.maderasmenur.com\/it\/wp-json\/wp\/v2\/users\/1001087"}],"replies":[{"embeddable":true,"href":"https:\/\/www.maderasmenur.com\/it\/wp-json\/wp\/v2\/comments?post=8717"}],"version-history":[{"count":0,"href":"https:\/\/www.maderasmenur.com\/it\/wp-json\/wp\/v2\/posts\/8717\/revisions"}],"wp:featuredmedia":[{"embeddable":true,"href":"https:\/\/www.maderasmenur.com\/it\/wp-json\/wp\/v2\/media\/8718"}],"wp:attachment":[{"href":"https:\/\/www.maderasmenur.com\/it\/wp-json\/wp\/v2\/media?parent=8717"}],"wp:term":[{"taxonomy":"category","embeddable":true,"href":"https:\/\/www.maderasmenur.com\/it\/wp-json\/wp\/v2\/categories?post=8717"},{"taxonomy":"post_tag","embeddable":true,"href":"https:\/\/www.maderasmenur.com\/it\/wp-json\/wp\/v2\/tags?post=8717"}],"curies":[{"name":"wp","href":"https:\/\/api.w.org\/{rel}","templated":true}]}}